
{"id":8233,"date":"2019-03-01T18:02:36","date_gmt":"2019-03-01T17:02:36","guid":{"rendered":"http:\/\/szostkiewicz.blog.polityka.pl\/?p=8233"},"modified":"2019-03-01T18:35:10","modified_gmt":"2019-03-01T17:35:10","slug":"trzymam-kciuki-za-ochojska","status":"publish","type":"post","link":"https:\/\/blog.polityka.pl\/szostkiewicz\/2019\/03\/01\/trzymam-kciuki-za-ochojska\/","title":{"rendered":"Trzymam kciuki za Ochojsk\u0105"},"content":{"rendered":"<p>Obywatelu, nie wierzysz w\u0142asnym oczom? &#8222;Dw\u00f3rki&#8221; prezesa Glapi\u0144skiego zarabiaj\u0105 miesi\u0119cznie tyle co ty przez ca\u0142y rok albo i d\u0142u\u017cej? I co? Zag\u0142osujesz na PiS w nadchodz\u0105cych wyborach? Zag\u0142osujesz, bo Kaczy\u0144ski obieca\u0142, \u017ce dostaniesz 500 na pierwsze dziecko albo 1000, je\u015bli\u015b emeryt.<br \/>\n<!--more--><br \/>\nZ\u0142o\u015b\u0107 na takie proste socjalne zagrania jest wielka, ale niczego nie zmieni. W Polsce mo\u017cna na tych chwytach wygra\u0107 wybory, bo one wci\u0105\u017c trafiaj\u0105 w spo\u0142eczne oczekiwania i potrzeby. Ub\u00f3stwo jest u nas wci\u0105\u017c znacz\u0105cym faktem o politycznych konsekwencjach. Opozycja musi si\u0119 z tym liczy\u0107.<\/p>\n<p>PiS to rozumie i dlatego ukrad\u0142 pomys\u0142 Schetyny z 500 plus na pierwsze dziecko. I jeszcze dosypa\u0142 obietnic przedwyborczych. Naturalnie, \u017ce to my wszyscy je sfinansujemy z naszych podatk\u00f3w i \u017ce mog\u0105 na d\u0142u\u017csz\u0105 met\u0119 okaza\u0107 si\u0119 obietnicami bez pokrycia. Nie szkodzi, do tych wybor\u00f3w w kluczowym politycznie 2019 r. \u017cadnej katastrofy finans\u00f3w publicznych nie b\u0119dzie.<\/p>\n<p>Pierwszy test ju\u017c pod koniec maja. Wydawa\u0142oby si\u0119, \u017ce Koalicja ma tu z g\u00f3ry przewag\u0119, bo &#8222;dobrozmian&#8221; uwik\u0142a\u0142 si\u0119 w konflikty z Uni\u0105 i sam sobie przyszy\u0142 \u0142at\u0119 polexitu.<\/p>\n<p>I co widzimy? Na razie pod wzgl\u0119dem domkni\u0119cia list PiS wyprzedza opozycj\u0119, to znaczy Koalicj\u0119 Europejsk\u0105, bo ruch Biedronia w og\u00f3le \u017cadnych kandydatur oficjalnie jeszcze nie zg\u0142osi\u0142. Pr\u00f3cz jednej: \u017ce Biedro\u0144 wystartuje w Warszawie, ale zamierza odda\u0107 ewentualny mandat. W stolicy PiS wystawia Saryusza-Wolskiego, KE \u2013 Cimoszewicza. Biedroniowcy licz\u0105 pono\u0107 na 12 proc. poparcia i 6 euromandat\u00f3w w ca\u0142ym kraju.<\/p>\n<p>R\u00f3wnie ciekawie b\u0119dzie w innych okr\u0119gach. Uwag\u0119 zwracaj\u0105 Krak\u00f3w: Beata Szyd\u0142o w rywalizacji z R\u00f3\u017c\u0105 Thun oraz Wroc\u0142aw: Anna Zalewska w rywalizacji z Janin\u0105 Ochojsk\u0105. Wystawienie Thun w eurowyborach to oczywista oczywisto\u015b\u0107. Ma europejskie do\u015bwiadczenie i dorobek parlamentarny (ukr\u00f3ci\u0142a op\u0142aty roamingowe w UE). Natomiast pani Szyd\u0142o da\u0142a si\u0119 pozna\u0107 g\u0142\u00f3wnie z plebejskich po\u0142ajanek i machinacji antybrukselskich, a pani Zalewska z niczego.<\/p>\n<p>Pomys\u0142 wystawienia Ochojskiej do rywalizacji z Zalewsk\u0105 i Beat\u0105 Kemp\u0105 (drugie miejsce na li\u015bcie &#8222;dobrozmianu&#8221;) jest nietuzinkowy. I dlatego b\u0119dzie bezpardonowo zwalczany przez konkurencj\u0119. Prawdopodobnie pod has\u0142em, \u017ce Ochojska nie jest politykiem, za to bra\u0142a udzia\u0142 w protestach obywatelskich po 2015 r.<\/p>\n<p>Ale to \u017cadna ujma w nieuprzedzonych oczach. Tak, protestowa\u0142a przeciwko obecnej w\u0142adzy m.in. na znak solidarno\u015bci z rodzicami dzieci z niesprawno\u015bciami i z nimi samymi. A w por\u00f3wnaniu z dorobkiem na niwie humanitarnej kandydatek pisowskich jej dzie\u0142o \u015bwieci mocnym blaskiem.<\/p>\n<p>W Parlamencie Europejskim Janina Ochojska by\u0142aby bezcenna, bo zna si\u0119 te\u017c na problemie imigrant\u00f3w i kryzys\u00f3w humanitarnych, a pozostan\u0105 one kluczowym problemem Europy. Trzymam kciuki!<\/p>\n","protected":false},"excerpt":{"rendered":"<p>Trzymam kciuki!<\/p>\n","protected":false},"author":3,"featured_media":8240,"comment_status":"open","ping_status":"closed","sticky":false,"template":"","format":"standard","meta":{"footnotes":""},"categories":[1],"tags":[],"_links":{"self":[{"href":"https:\/\/blog.polityka.pl\/szostkiewicz\/wp-json\/wp\/v2\/posts\/8233"}],"collection":[{"href":"https:\/\/blog.polityka.pl\/szostkiewicz\/wp-json\/wp\/v2\/posts"}],"about":[{"href":"https:\/\/blog.polityka.pl\/szostkiewicz\/wp-json\/wp\/v2\/types\/post"}],"author":[{"embeddable":true,"href":"https:\/\/blog.polityka.pl\/szostkiewicz\/wp-json\/wp\/v2\/users\/3"}],"replies":[{"embeddable":true,"href":"https:\/\/blog.polityka.pl\/szostkiewicz\/wp-json\/wp\/v2\/comments?post=8233"}],"version-history":[{"count":6,"href":"https:\/\/blog.polityka.pl\/szostkiewicz\/wp-json\/wp\/v2\/posts\/8233\/revisions"}],"predecessor-version":[{"id":8239,"href":"https:\/\/blog.polityka.pl\/szostkiewicz\/wp-json\/wp\/v2\/posts\/8233\/revisions\/8239"}],"wp:featuredmedia":[{"embeddable":true,"href":"https:\/\/blog.polityka.pl\/szostkiewicz\/wp-json\/wp\/v2\/media\/8240"}],"wp:attachment":[{"href":"https:\/\/blog.polityka.pl\/szostkiewicz\/wp-json\/wp\/v2\/media?parent=8233"}],"wp:term":[{"taxonomy":"category","embeddable":true,"href":"https:\/\/blog.polityka.pl\/szostkiewicz\/wp-json\/wp\/v2\/categories?post=8233"},{"taxonomy":"post_tag","embeddable":true,"href":"https:\/\/blog.polityka.pl\/szostkiewicz\/wp-json\/wp\/v2\/tags?post=8233"}],"curies":[{"name":"wp","href":"https:\/\/api.w.org\/{rel}","templated":true}]}}