
{"id":8246,"date":"2019-03-05T11:43:37","date_gmt":"2019-03-05T10:43:37","guid":{"rendered":"http:\/\/szostkiewicz.blog.polityka.pl\/?p=8246"},"modified":"2019-03-05T15:55:18","modified_gmt":"2019-03-05T14:55:18","slug":"okragly-stol-bp-czai","status":"publish","type":"post","link":"https:\/\/blog.polityka.pl\/szostkiewicz\/2019\/03\/05\/okragly-stol-bp-czai\/","title":{"rendered":"Okr\u0105g\u0142y st\u00f3\u0142 biskupa Czai"},"content":{"rendered":"<p>Biskup opolski Andrzej Czaja po trzech latach rz\u0105d\u00f3w &#8222;zjednoczonej prawicy&#8221; dostrzeg\u0142, \u017ce \u017ale si\u0119 dzieje w Polsce. I nie mo\u017ce na to patrze\u0107 spokojnie!<br \/>\n<!--more--><br \/>\nNiestety, nie zawsze sprawdza si\u0119 powiedzenie, \u017ce lepiej p\u00f3\u017ano ni\u017c wcale.<\/p>\n<p>\u017beby apele o dialog i pojednanie mia\u0142y skutek, apeluj\u0105cy musz\u0105 mie\u0107 autorytet. A bp Czaja w rozmowie z Katolick\u0105 Agencj\u0105 Informacyjn\u0105 sam przyzna\u0142, \u017ce Ko\u015bci\u00f3\u0142 straci\u0142 u nas dawny autorytet jako g\u0142os sumienia, kt\u00f3rym powinni kierowa\u0107 si\u0119 wierz\u0105cy.<\/p>\n<p>I tu ma racj\u0119. Ko\u015bci\u00f3\u0142 straci\u0142 u nas szerokie zaufanie spo\u0142eczne, z wielu powod\u00f3w straci\u0142 wiarygodno\u015b\u0107, jego os\u0105dy i apele trafiaj\u0105 coraz cz\u0119\u015bciej w pr\u00f3\u017cni\u0119. Czasem mo\u017cna odnosi\u0107 wra\u017cenie, s\u0142uchaj\u0105c biskup\u00f3w i obserwuj\u0105c ko\u015bcielne media, \u017ce Ko\u015bci\u00f3\u0142 jest jak &#8222;Titanic&#8221;, wci\u0105\u017c wielki i rz\u0119si\u015bcie o\u015bwietlony, a w istocie u progu katastrofy, jak\u0105 sam na siebie sprowadza.<\/p>\n<p>Kombinacja ob\u0142udy, nacjonalizmu i chciwo\u015bci zatopi ko\u015bcieln\u0105 naw\u0119.<\/p>\n<p>W tej\u017ce rozmowie bp Czaja wzywa &#8222;chrze\u015bcijan i Polak\u00f3w&#8221; do przebudzenia, a Ko\u015bci\u00f3\u0142 do odegrania roli &#8222;mediatora w\u015br\u00f3d ok\u0142adaj\u0105cych si\u0119 stron. Nie obawia\u0142bym si\u0119 takiego dzia\u0142ania. Jest to niezb\u0119dne dla zachowania \u0142adu i pokoju spo\u0142ecznego. Mamy akurat rocznic\u0119 okr\u0105g\u0142ego sto\u0142u. W moim przekonaniu co\u015b na ten kszta\u0142t jest dzi\u015b w Polsce potrzebne. Ko\u015bci\u00f3\u0142 powinien nie tylko apelowa\u0107 o dialog, ale usi\u0105\u015b\u0107 do wsp\u00f3lnego sto\u0142u jako mediator. Oczywi\u015bcie o ile strony si\u0119 na to zgodz\u0105&#8221;.<\/p>\n<p>No w\u0142a\u015bnie, o ile si\u0119 zgodz\u0105. Mo\u017cna si\u0119 za\u0142o\u017cy\u0107 o butelk\u0119 wina mszalnego, \u017ce si\u0119 nie zgodz\u0105. Ko\u015bci\u00f3\u0142 w Polsce sta\u0142 si\u0119 przecie\u017c stron\u0105 tego wielkiego sporu. Na wiele sposob\u00f3w wspar\u0142 i wspiera ob\u00f3z obecnej w\u0142adzy. Bez \u017cenady odcina grube kupony. Najnowszy przyk\u0142ad to hojne dotacje na uczelni\u0119, muzeum ojca Rydzyka i miliony od fundacji przy KGHM na prawicowe media, a tak\u017ce na Ko\u015bcio\u0142y, g\u0142\u00f3wnie katolicki.<\/p>\n<p>Bp Czaja ma tak\u017ce racj\u0119, \u017ce &#8222;wojna polsko-polska&#8221; zagra\u017ca pokojowi wewn\u0119trznemu w naszym kraju, ale co zrobi\u0142 przez minione lata, by nas ta wojna nie wyniszczy\u0142a? Jak\u0105 podj\u0105\u0142 akcj\u0119 w\u015br\u00f3d episkopatu, by sami biskupi si\u0119 ockn\u0119li z prawicowego upartyjnionego zaczadzenia? Czy protestowa\u0142 publicznie przeciwko odradzaj\u0105cej si\u0119 ideologii katolickiego pa\u0144stwa narodu polskiego?<\/p>\n<p>Jest ona nie do pogodzenia z apelem bp. Czai. Tak samo jak \u015bwi\u0119towanie 30-lecia Okr\u0105g\u0142ego Sto\u0142u. Ko\u015bci\u00f3\u0142 odegra\u0142 w nim pozytywn\u0105 rol\u0119, dzi\u015b sprzymierzy\u0142 si\u0119 z radykalnymi przeciwnikami tamtego zako\u0144czenia \u00f3wczesnej wojny &#8222;polsko-jaruzelskiej&#8221;. Dlatego ani politycy, ani biskupi nie ockn\u0105 si\u0119 teraz na apel bp. Czai. Ju\u017c za p\u00f3\u017ano.<\/p>\n","protected":false},"excerpt":{"rendered":"<p>Biskupi nie ockn\u0105 si\u0119 teraz na apel bp. Czai. Ju\u017c za p\u00f3\u017ano.<\/p>\n","protected":false},"author":3,"featured_media":8251,"comment_status":"open","ping_status":"closed","sticky":false,"template":"","format":"standard","meta":{"footnotes":""},"categories":[1],"tags":[],"_links":{"self":[{"href":"https:\/\/blog.polityka.pl\/szostkiewicz\/wp-json\/wp\/v2\/posts\/8246"}],"collection":[{"href":"https:\/\/blog.polityka.pl\/szostkiewicz\/wp-json\/wp\/v2\/posts"}],"about":[{"href":"https:\/\/blog.polityka.pl\/szostkiewicz\/wp-json\/wp\/v2\/types\/post"}],"author":[{"embeddable":true,"href":"https:\/\/blog.polityka.pl\/szostkiewicz\/wp-json\/wp\/v2\/users\/3"}],"replies":[{"embeddable":true,"href":"https:\/\/blog.polityka.pl\/szostkiewicz\/wp-json\/wp\/v2\/comments?post=8246"}],"version-history":[{"count":5,"href":"https:\/\/blog.polityka.pl\/szostkiewicz\/wp-json\/wp\/v2\/posts\/8246\/revisions"}],"predecessor-version":[{"id":8252,"href":"https:\/\/blog.polityka.pl\/szostkiewicz\/wp-json\/wp\/v2\/posts\/8246\/revisions\/8252"}],"wp:featuredmedia":[{"embeddable":true,"href":"https:\/\/blog.polityka.pl\/szostkiewicz\/wp-json\/wp\/v2\/media\/8251"}],"wp:attachment":[{"href":"https:\/\/blog.polityka.pl\/szostkiewicz\/wp-json\/wp\/v2\/media?parent=8246"}],"wp:term":[{"taxonomy":"category","embeddable":true,"href":"https:\/\/blog.polityka.pl\/szostkiewicz\/wp-json\/wp\/v2\/categories?post=8246"},{"taxonomy":"post_tag","embeddable":true,"href":"https:\/\/blog.polityka.pl\/szostkiewicz\/wp-json\/wp\/v2\/tags?post=8246"}],"curies":[{"name":"wp","href":"https:\/\/api.w.org\/{rel}","templated":true}]}}