
{"id":8260,"date":"2019-03-08T21:29:43","date_gmt":"2019-03-08T20:29:43","guid":{"rendered":"http:\/\/szostkiewicz.blog.polityka.pl\/?p=8260"},"modified":"2019-03-08T21:48:17","modified_gmt":"2019-03-08T20:48:17","slug":"czy-panie-minister-kempa-i-zalewska-byly-na-kafarnaum","status":"publish","type":"post","link":"https:\/\/blog.polityka.pl\/szostkiewicz\/2019\/03\/08\/czy-panie-minister-kempa-i-zalewska-byly-na-kafarnaum\/","title":{"rendered":"Czy panie minister Kempa i Zalewska by\u0142y na &#8222;Kafarnaum&#8221;?"},"content":{"rendered":"<p>Czy Beata Kempa, minister do spraw uchod\u017ac\u00f3w i pomocy humanitarnej, wybra\u0142a si\u0119 na film &#8222;Kafarnaum&#8221;? Kto jak nie ona powinna go obejrze\u0107 i podzieli\u0107 si\u0119 ze spo\u0142ecze\u0144stwem swoimi wra\u017ceniami i refleksjami?<br \/>\n<!--more--><br \/>\nPytanie wcale nie jest retoryczne ani z\u0142o\u015bliwe. W demokracji to normalne, \u017ce minister od uchod\u017ac\u00f3w spotyka si\u0119 z uchod\u017acami, chodzi na filmy o nich, wypowiada si\u0119 o nich.<\/p>\n<p>Bardzo ch\u0119tnie bym si\u0119 sam dowiedzia\u0142, czy &#8222;Kafarnaum&#8221; poruszy\u0142o serce i sumienie minister Kempy. Ja by\u0142em poruszony, je\u015bli nie wstrz\u0105\u015bni\u0119ty. I zachwycony ch\u0142opakiem graj\u0105cym g\u0142\u00f3wn\u0105 rol\u0119 z naturalno\u015bci\u0105 chwytaj\u0105c\u0105 za gard\u0142o.<\/p>\n<p>Na razie jednak Beata Kempa mo\u017ce nie mie\u0107 czasu na chodzenie do kina. Zaraz zacznie si\u0119 kampania wyborcza do Parlamentu Europejskiego, a pani minister startuje z listy &#8222;zjednoczonej prawicy&#8221; w okr\u0119gu dolno\u015bl\u0105sko-opolskiego. Z wysokiego drugiego miejsca, zaraz za minister Ann\u0105 Zalewsk\u0105.<\/p>\n<p>Nawiasem m\u00f3wi\u0105c, czy minister Zalewska nie powinna zach\u0119ca\u0107 m\u0142odzie\u017cy do obejrzenia &#8222;Kafarnaum&#8221;, a nauczycieli do rozm\u00f3w o tym filmie z m\u0142odymi lud\u017ami?<\/p>\n<p>A po co minister Kempa walczy o euromandat? M\u00f3wi\u0142a o tym w Radiu Wroc\u0142aw, powtarzaj\u0105c wy\u015bwiechtane frazesy pisowskiej propagandy o Polsce w sercu Europy. \u017be chodzi to, czy b\u0119d\u0105 Polsk\u0119 &#8222;poklepywa\u0107 po plecach&#8221;, czy przeciwnie, Polska b\u0119dzie &#8222;aktywnym uczestnikiem wielu zjawisk&#8221;.<\/p>\n<p>Doda\u0142a te\u017c refleksj\u0119 o problemie migracji: \u017ce trzeba wypracowa\u0107 &#8222;podej\u015bcie systemowe&#8221;.<\/p>\n<p>Minister Kempa nie ma raczej szans z minister Zalewsk\u0105. A jednak chcia\u0142oby si\u0119, aby, by\u0142o nie by\u0142o, cz\u0142onkini polskiego rz\u0105du mia\u0142a co\u015b wi\u0119cej do powiedzenia w tak wa\u017cnych sprawach.<\/p>\n<p>A przecie\u017c mog\u0142a b\u0142ysn\u0105\u0107, gdyby obejrza\u0142a &#8222;Kafarnaum&#8221; i wyja\u015bni\u0142a s\u0142uchaczom, dlaczego ten film dziej\u0105cy si\u0119 w Libanie ma w tytule miasto w p\u00f3\u0142nocnym Izraelu, nazywane przez chrze\u015bcijan miastem Jezusa.<\/p>\n","protected":false},"excerpt":{"rendered":"<p>Kto jak nie one powinien go obejrze\u0107 i podzieli\u0107 si\u0119 ze spo\u0142ecze\u0144stwem swoimi wra\u017ceniami?<\/p>\n","protected":false},"author":3,"featured_media":8265,"comment_status":"open","ping_status":"closed","sticky":false,"template":"","format":"standard","meta":{"footnotes":""},"categories":[1],"tags":[],"_links":{"self":[{"href":"https:\/\/blog.polityka.pl\/szostkiewicz\/wp-json\/wp\/v2\/posts\/8260"}],"collection":[{"href":"https:\/\/blog.polityka.pl\/szostkiewicz\/wp-json\/wp\/v2\/posts"}],"about":[{"href":"https:\/\/blog.polityka.pl\/szostkiewicz\/wp-json\/wp\/v2\/types\/post"}],"author":[{"embeddable":true,"href":"https:\/\/blog.polityka.pl\/szostkiewicz\/wp-json\/wp\/v2\/users\/3"}],"replies":[{"embeddable":true,"href":"https:\/\/blog.polityka.pl\/szostkiewicz\/wp-json\/wp\/v2\/comments?post=8260"}],"version-history":[{"count":6,"href":"https:\/\/blog.polityka.pl\/szostkiewicz\/wp-json\/wp\/v2\/posts\/8260\/revisions"}],"predecessor-version":[{"id":8267,"href":"https:\/\/blog.polityka.pl\/szostkiewicz\/wp-json\/wp\/v2\/posts\/8260\/revisions\/8267"}],"wp:featuredmedia":[{"embeddable":true,"href":"https:\/\/blog.polityka.pl\/szostkiewicz\/wp-json\/wp\/v2\/media\/8265"}],"wp:attachment":[{"href":"https:\/\/blog.polityka.pl\/szostkiewicz\/wp-json\/wp\/v2\/media?parent=8260"}],"wp:term":[{"taxonomy":"category","embeddable":true,"href":"https:\/\/blog.polityka.pl\/szostkiewicz\/wp-json\/wp\/v2\/categories?post=8260"},{"taxonomy":"post_tag","embeddable":true,"href":"https:\/\/blog.polityka.pl\/szostkiewicz\/wp-json\/wp\/v2\/tags?post=8260"}],"curies":[{"name":"wp","href":"https:\/\/api.w.org\/{rel}","templated":true}]}}