
{"id":8268,"date":"2019-03-09T21:54:57","date_gmt":"2019-03-09T20:54:57","guid":{"rendered":"http:\/\/szostkiewicz.blog.polityka.pl\/?p=8268"},"modified":"2019-03-10T00:29:46","modified_gmt":"2019-03-09T23:29:46","slug":"trzy-chwyty-pis-na-eurowybory","status":"publish","type":"post","link":"https:\/\/blog.polityka.pl\/szostkiewicz\/2019\/03\/09\/trzy-chwyty-pis-na-eurowybory\/","title":{"rendered":"Trzy chwyty PiS na eurowybory"},"content":{"rendered":"<p>Z przem\u00f3wie\u0144 na sobotnim zje\u017adzie PiS\u00a0na Podkarpaciu wynika, jaki partia Kaczy\u0144skiego ma pomys\u0142 na wygranie wybor\u00f3w europejskich. Nie jest to pomys\u0142 wyszukany i dlatego mo\u017ce by\u0107 skuteczny. Opozycja powinna kontratakowa\u0107, pokazuj\u0105c, jak &#8222;zjednoczona prawica&#8221; manipuluje wyborcami.<br \/>\n<!--more--><br \/>\nChwyty na kampani\u0119 s\u0105 reaktywne. Maj\u0105\u00a0obroni\u0107\u00a0pisowski &#8222;dobrozmian&#8221; przed krytyk\u0105 polityki Kaczy\u0144skiego. Wyra\u017anie wida\u0107, \u017ce PiS boi si\u0119 przede wszystkim zarzutu, \u017ce nie ma programu europejskiego i zd\u0105\u017ca do wyprowadzenia Polski z Unii Europejskiej. Boi si\u0119 te\u017c zarzut\u00f3w, \u017ce nie ma sp\u00f3jnej polityki gospodarczej i \u017ce nieodpowiedzialnie szasta pieni\u0105dzem podatnika.<\/p>\n<p>Wysi\u0142ek propagandowy partii Kaczy\u0144skiego skupi si\u0119 na tych obawach.\u00a0Propaganda pisowska wykorzysta trzy chwyty, wszystkie oparte na k\u0142amstwie.<\/p>\n<p><strong>1. Atak na rodzin\u0119.<\/strong> Nie ma \u017cadnego &#8222;ataku na rodzin\u0119&#8221;. Nie szkodzi. PiS chce zn\u00f3w rozbudzi\u0107 w elektoracie, zw\u0142aszcza tym gorzej poinformowanym, strach &#8211; tym razem przed\u00a0jakim\u015b zewn\u0119trznym i rodzimym spiskiem przeciwko polskim rodzinom, szczeg\u00f3lnie dzieciom, i tradycyjnemu\u00a0 ma\u0142\u017ce\u0144stwu. W roli atakuj\u0105cych propaganda obsadzi Rafa\u0142a Trzaskowskiego i Roberta Biedronia.<\/p>\n<p>Cytowane b\u0119d\u0105 wyrwane z kontekstu wyj\u0105tki z warszawskiej deklaracji na rzecz spo\u0142eczno\u015bci LGBT, z wytycznych \u015awiatowej Organizacji Zdrowia i z programu Wiosny: aborcja na \u017c\u0105danie, legalizacja ma\u0142\u017ce\u0144stw homoseksualnych, nowoczesna edukacja seksualna w szko\u0142ach. PiS mo\u017ce liczy\u0107 na poparcie Ko\u015bcio\u0142a, czego sygna\u0142em by\u0142o o\u015bwiadczenie trzech biskup\u00f3w warszawskich w sprawie deklaracji LGBT. Ten chwyt mo\u017ce by\u0107 najbardziej skuteczny i opozycja powinna by\u0107 gotowa do przeciwdzia\u0142ania.<\/p>\n<p><strong>2. Wszystko wam zabior\u0105.<\/strong> Opozycja nigdzie nie zapowiada, \u017ce cofnie pisowskie daniny socjalne, a nawet (Biedro\u0144) obiecuje ich wydatne zwi\u0119kszenie. Nie szkodzi. Propaganda PiS b\u0119dzie straszy\u0142a, \u017ce \u015bwiadczenia zostan\u0105 cofni\u0119te, w\u0142\u0105cznie z wcze\u015bniejszym wiekiem przechodzenia na emerytur\u0119.<\/p>\n<p><strong>3. Europa ojczyzn czy Europa bez ojczyzn?<\/strong> Nikt w g\u0142\u00f3wnym nurcie Unii Europejskiej nie proponuje likwidacji ojczyzn ani pa\u0144stw narodowych. Nie szkodzi. Propaganda pisowska b\u0119dzie straszy\u0142a, \u017ce na tym zale\u017cy elicie brukselskiej, i wmawia\u0142a wyborcom, \u017ce tylko silna reprezentacja PiS w Parlamencie Europejskim mo\u017ce temu zapobiec<\/p>\n","protected":false},"excerpt":{"rendered":"<p>Jaki partia Kaczy\u0144skiego ma pomys\u0142 na wygranie wybor\u00f3w europejskich?<\/p>\n","protected":false},"author":3,"featured_media":8274,"comment_status":"open","ping_status":"closed","sticky":false,"template":"","format":"standard","meta":{"footnotes":""},"categories":[1],"tags":[],"_links":{"self":[{"href":"https:\/\/blog.polityka.pl\/szostkiewicz\/wp-json\/wp\/v2\/posts\/8268"}],"collection":[{"href":"https:\/\/blog.polityka.pl\/szostkiewicz\/wp-json\/wp\/v2\/posts"}],"about":[{"href":"https:\/\/blog.polityka.pl\/szostkiewicz\/wp-json\/wp\/v2\/types\/post"}],"author":[{"embeddable":true,"href":"https:\/\/blog.polityka.pl\/szostkiewicz\/wp-json\/wp\/v2\/users\/3"}],"replies":[{"embeddable":true,"href":"https:\/\/blog.polityka.pl\/szostkiewicz\/wp-json\/wp\/v2\/comments?post=8268"}],"version-history":[{"count":5,"href":"https:\/\/blog.polityka.pl\/szostkiewicz\/wp-json\/wp\/v2\/posts\/8268\/revisions"}],"predecessor-version":[{"id":8273,"href":"https:\/\/blog.polityka.pl\/szostkiewicz\/wp-json\/wp\/v2\/posts\/8268\/revisions\/8273"}],"wp:featuredmedia":[{"embeddable":true,"href":"https:\/\/blog.polityka.pl\/szostkiewicz\/wp-json\/wp\/v2\/media\/8274"}],"wp:attachment":[{"href":"https:\/\/blog.polityka.pl\/szostkiewicz\/wp-json\/wp\/v2\/media?parent=8268"}],"wp:term":[{"taxonomy":"category","embeddable":true,"href":"https:\/\/blog.polityka.pl\/szostkiewicz\/wp-json\/wp\/v2\/categories?post=8268"},{"taxonomy":"post_tag","embeddable":true,"href":"https:\/\/blog.polityka.pl\/szostkiewicz\/wp-json\/wp\/v2\/tags?post=8268"}],"curies":[{"name":"wp","href":"https:\/\/api.w.org\/{rel}","templated":true}]}}