
{"id":8275,"date":"2019-03-11T21:33:01","date_gmt":"2019-03-11T20:33:01","guid":{"rendered":"http:\/\/szostkiewicz.blog.polityka.pl\/?p=8275"},"modified":"2019-03-11T21:45:22","modified_gmt":"2019-03-11T20:45:22","slug":"dwa-parasole-jak-pis-znow-strzelil-sobie-samoboja","status":"publish","type":"post","link":"https:\/\/blog.polityka.pl\/szostkiewicz\/2019\/03\/11\/dwa-parasole-jak-pis-znow-strzelil-sobie-samoboja\/","title":{"rendered":"Dwa parasole: jak PiS zn\u00f3w strzeli\u0142 sobie samob\u00f3ja"},"content":{"rendered":"<p>Niewiarygodna historia dw\u00f3ch parasoli, nacjonalist\u00f3w i partii Kaczy\u0144skiego.\u00a0Wyborczy dar PiS dla opozycji.<br \/>\n<!--more--><br \/>\nPisowski marsza\u0142ek\u00a0Senatu wrzuca do sieci plagiat propagandy nacjonalistycznej na u\u017cytek kampanii wyborczej swojej partii. Tak jakby nie wiedzia\u0142 albo nie wyczuwa\u0142, \u017ce to gor\u0105cy kartofel.\u00a0I tak partia rz\u0105dz\u0105ca sama si\u0119 wystawi\u0142a na krytyk\u0119 i drwiny.<\/p>\n<p>Oba parasole strasz\u0105 t\u0119cz\u0105. T\u0119cza nad parasolem PiS wrog\u00f3w po imieniu nie nazywa. Za to z t\u0119czy nad oboma parasolami sp\u0142ywaj\u0105 jakby krople krwi. Sugestia jest czytelna: t\u0119cza zabija. Ale my was obronimy. Pod oboma parasolami stoi symboliczna polska rodzina.<\/p>\n<p>Nad g\u0142upot\u0105 obu obrazk\u00f3w propagandowych nie ma si\u0119 co rozwodzi\u0107. Micha\u0142 Danielewski w poniedzia\u0142kowej &#8222;GW&#8221;\u00a0trafnie zauwa\u017cy\u0142, \u017ce parasol PiS wyja\u015bnia, \u017ce celem partii Kaczy\u0144skiego jest wypchni\u0119cie Polski z UE, a nast\u0119pnie wystawienie &#8222;poza nawias nacjonalistycznej <em>wsp\u00f3lnoty<\/em> wszystkich nieprawomy\u015blnych i zbrukanych genetycznie obywateli: muzu\u0142man\u00f3w, \u017byd\u00f3w, gej\u00f3w i lesbijki&#8221;.<\/p>\n<p>Gdyby parasol wrzucony do internetu przez marsza\u0142ka Karczewskiego mia\u0142 by\u0107 wykorzystany w eurokampanii PiS, to demokratyczna opozycja mo\u017ce si\u0119 tylko cieszy\u0107. Wie\u015b\u0107 o parasolce rozejdzie si\u0119 po mediach w Europie jako kolejny dow\u00f3d dryfowania partii Kaczy\u0144skiego w stron\u0119 skrajnej prawicy. Tak zreszt\u0105 jest ona postrzegana od do\u015b\u0107 dawna. Kaczy\u0144skiego kojarzy si\u0119 dzi\u015b nie tylko z Orb\u00e1nem, ale te\u017c z Salvinim i Le Pen.<\/p>\n<p>PiS sam si\u0119 skazuje na wykluczenie z g\u0142\u00f3wnego nurtu polityki europejskiej. A w polskim elektoracie te\u017c parasol mu zaszkodzi. Wed\u0142ug ostatnich bada\u0144 (IPSOS dla OKO.press) 56 proc. pytanych (ponad po\u0142owa!) by\u0142o za legalizacj\u0105 zwi\u0105zk\u00f3w partnerskich os\u00f3b nieheteroseksualnych.<\/p>\n<p>To mit nachalnej propagandy prawicowej i ko\u015bcielnej, \u017ce Polacy boj\u0105 si\u0119 homoseksualist\u00f3w. Wyborcy, nawet PiS, s\u0105 bardziej tolerancyjni i otwarci ni\u017c PiS i Ko\u015bci\u00f3\u0142.<\/p>\n","protected":false},"excerpt":{"rendered":"<p>Wyborczy dar PiS dla opozycji.<\/p>\n","protected":false},"author":3,"featured_media":8280,"comment_status":"open","ping_status":"closed","sticky":false,"template":"","format":"standard","meta":{"footnotes":""},"categories":[1],"tags":[],"_links":{"self":[{"href":"https:\/\/blog.polityka.pl\/szostkiewicz\/wp-json\/wp\/v2\/posts\/8275"}],"collection":[{"href":"https:\/\/blog.polityka.pl\/szostkiewicz\/wp-json\/wp\/v2\/posts"}],"about":[{"href":"https:\/\/blog.polityka.pl\/szostkiewicz\/wp-json\/wp\/v2\/types\/post"}],"author":[{"embeddable":true,"href":"https:\/\/blog.polityka.pl\/szostkiewicz\/wp-json\/wp\/v2\/users\/3"}],"replies":[{"embeddable":true,"href":"https:\/\/blog.polityka.pl\/szostkiewicz\/wp-json\/wp\/v2\/comments?post=8275"}],"version-history":[{"count":4,"href":"https:\/\/blog.polityka.pl\/szostkiewicz\/wp-json\/wp\/v2\/posts\/8275\/revisions"}],"predecessor-version":[{"id":8279,"href":"https:\/\/blog.polityka.pl\/szostkiewicz\/wp-json\/wp\/v2\/posts\/8275\/revisions\/8279"}],"wp:featuredmedia":[{"embeddable":true,"href":"https:\/\/blog.polityka.pl\/szostkiewicz\/wp-json\/wp\/v2\/media\/8280"}],"wp:attachment":[{"href":"https:\/\/blog.polityka.pl\/szostkiewicz\/wp-json\/wp\/v2\/media?parent=8275"}],"wp:term":[{"taxonomy":"category","embeddable":true,"href":"https:\/\/blog.polityka.pl\/szostkiewicz\/wp-json\/wp\/v2\/categories?post=8275"},{"taxonomy":"post_tag","embeddable":true,"href":"https:\/\/blog.polityka.pl\/szostkiewicz\/wp-json\/wp\/v2\/tags?post=8275"}],"curies":[{"name":"wp","href":"https:\/\/api.w.org\/{rel}","templated":true}]}}