
{"id":8290,"date":"2019-03-13T16:03:10","date_gmt":"2019-03-13T15:03:10","guid":{"rendered":"http:\/\/szostkiewicz.blog.polityka.pl\/?p=8290"},"modified":"2019-03-14T13:14:00","modified_gmt":"2019-03-14T12:14:00","slug":"kardynal-pell-skazany-watykan-akceptuje-wyrok","status":"publish","type":"post","link":"https:\/\/blog.polityka.pl\/szostkiewicz\/2019\/03\/13\/kardynal-pell-skazany-watykan-akceptuje-wyrok\/","title":{"rendered":"Nie b\u0119d\u0105 broni\u0107 Pella w Watykanie. Ale Weigel ju\u017c broni"},"content":{"rendered":"<p>Wyrok na australijskiego kardyna\u0142a George\u2019a Pella zbiega si\u0119 z konferencj\u0105 polskiego episkopatu. Biskupi zapowiadaj\u0105 publiczne og\u0142oszenie danych na temat pedofilii w Ko\u015bciele rzymskokatolickim w Polsce.<br \/>\n<!--more--><br \/>\nZmiana postawy polskiego episkopatu mo\u017ce by\u0107 tylko gr\u0105 na przeczekanie pontyfikatu Franciszka. W \u015brod\u0119 biskupi wezwali do odrzucenia &#8222;promocji&#8221; mniejszo\u015bci os\u00f3b nieheteroseksualnych, co m\u00f3wi o ich nastawieniu wi\u0119cej ni\u017c zapowiadane na jutro ujawnienie statystyk pedofilskich.<\/p>\n<p>Odk\u0105d Ko\u015bcio\u0142em rz\u0105dzi ekipa Franciszka, dochodzi\u0142o do ujawnie\u0144 kolejnych skandali i przest\u0119pstw seksualnych. Franciszek og\u0142osi\u0142 polityk\u0119 &#8222;zera tolerancji&#8221;, ale sam znalaz\u0142 si\u0119 pod obstrza\u0142em, kiedy wykazano, \u017ce nie reagowa\u0142 zgodnie z ni\u0105 w g\u0142o\u015bnej sprawie chilijskiego drapie\u017ccy seksualnego ks. Karadimy ani dostojnika Ko\u015bcio\u0142a w USA McCarricka.<\/p>\n<p>W obliczu fakt\u00f3w dotycz\u0105cych obu spraw Franciszek jednak przeprosi\u0142 za swoje niezdecydowanie i przeszed\u0142 do dzia\u0142ania. McCarrick straci\u0142 tytu\u0142 kardyna\u0142a. To kolejny &#8222;ksi\u0105\u017c\u0119 Ko\u015bcio\u0142a&#8221; z problemem pedofilskim. Nie wszyscy kardyna\u0142owie s\u0105 pedofilami, tacy s\u0105 w mniejszo\u015bci w kolegium kardynalskim i w og\u00f3le w duchowie\u0144stwie, jednak wyd\u0142u\u017ca si\u0119 lista purpurat\u00f3w, kt\u00f3rym zarzuca si\u0119 przest\u0119pstwa seksualne lub ich ukrywanie. Dzi\u015b to ju\u017c dziesi\u0119\u0107 nazwisk, w tym by\u0142y watyka\u0144ski &#8222;premier&#8221;, sekretarz stanu Sodano.<\/p>\n<p>Skazanie w \u015brod\u0119 w Australii kardyna\u0142a Pella na sze\u015b\u0107 lat wi\u0119zienia to wydarzenie wielkiej wagi, punkt krytyczny.\u00a0Pell b\u0119dzie mia\u0142 prawo ubiega\u0107 si\u0119 o przedterminowe zwolnienie z wi\u0119zienia po odsiedzeniu trzech lat i o\u015bmiu miesi\u0119cy. Og\u0142oszenie wyroku na kardyna\u0142a za przest\u0119pstwa seksualne dotycz\u0105ce nieletnich media transmitowa\u0142y na ca\u0142y kraj. Pell odrzuca oskar\u017cenia i zapowiada apelacj\u0119 od wyroku.<\/p>\n<p>Ultrakonserwatywni obro\u0144cy australijskiego kardyna\u0142a powiedz\u0105, \u017ce wyrok nie jest jeszcze ostateczny, kara wymierzona s\u0119dziwemu cz\u0142owiekowi jest za surowa, a ca\u0142y proces wygl\u0105da na antykatolick\u0105 pokaz\u00f3wk\u0119 wymuszon\u0105 przez niech\u0119tne Ko\u015bcio\u0142owi media i grupy interesu.<\/p>\n<p>Tak\u0105 &#8222;narracj\u0119&#8221; puszcz\u0105 w obieg tak\u017ce prawicowe i proko\u015bcielne media w Polsce. Wielu katolik\u00f3w, zreszt\u0105 nie tylko w Polsce, zajmuje postaw\u0119 odmowy przyj\u0119cia do wiadomo\u015bci kryzysu pedofilskiego w Ko\u015bciele i broni si\u0119 przez atak, zrzucaj\u0105c odpowiedzialno\u015b\u0107 na ofiary i tych, kt\u00f3rzy staj\u0105 w obronie ich praw.<\/p>\n<p>Na wyrok na Pella mo\u017cna spojrze\u0107 ca\u0142kiem inaczej. Watykan nie zg\u0142osi\u0142 \u017cadnych zastrze\u017ce\u0144 co do procesu s\u0105dowego w Australii. Franciszek nalega\u0142 na Pella, by stawi\u0142 si\u0119 na proces, a nie zas\u0142ania\u0142 immunitetem dyplomatycznym.<\/p>\n<p>To oznacza, \u017ce Watykan Franciszka nie b\u0119dzie dalej chroni\u0142 czy wspiera\u0142 duchownych, nawet najwy\u017cszego szczebla, przeciwko kt\u00f3rym zebrano przekonuj\u0105ce dowody winy.<\/p>\n<p>Oznacza to tak\u017ce, \u017ce Franciszek akceptuje praworz\u0105dne wyroki s\u0105d\u00f3w \u015bwieckich. Nie kwestionuje ich, nie podwa\u017ca, nie rozmywa. I daje do zrozumienia, \u017ce w tej sprawie kardynalska elita ko\u015bcielna zosta\u0142a zr\u00f3wnana ze zwyk\u0142ymi ksi\u0119\u017cmi.<\/p>\n<p>PS George Weigel: wyrok na Pella to kpina z wymiaru sprawiedliwo\u015bci<\/p>\n<p>Znany ameryka\u0144ski konserwatywny publicysta katolicki, popularny w Polsce biograf Jana Paw\u0142a II George Weigel, <a href=\"https:\/\/www.firstthings.com\/web-exclusives\/2019\/03\/the-holy-see-and-cardinal-pell\" rel=\"noopener\" target=\"_blank\">staje w obronie kardyna\u0142a<\/a>. Linia obrony: to w\u015bciek\u0142y antykatolicki atak i kompromitacja australijskiego s\u0105downictwa. Ale w istocie ostrze krytyki Weigla zwraca si\u0119 te\u017c przeciwko&#8230; Watykanowi, w\u0142a\u015bnie dlatego, \u017ce jego rzecznik nie zg\u0142osi\u0142 zastrze\u017ce\u0144 do procesu Pella przed s\u0105dem australijskim. Brudne czyny schodz\u0105 na plan dalszy, na pierwszy wysuwa si\u0119 ultrakatolicka fronda wymierzona we Franciszka. Dziwny jest ten Ko\u015bci\u00f3\u0142.<\/p>\n","protected":false},"excerpt":{"rendered":"<p>Skazanie w \u015brod\u0119 w Australii kardyna\u0142a Pella na sze\u015b\u0107 lat wi\u0119zienia to wydarzenie wielkiej wagi, punkt krytyczny.<\/p>\n","protected":false},"author":3,"featured_media":8298,"comment_status":"open","ping_status":"closed","sticky":false,"template":"","format":"standard","meta":{"footnotes":""},"categories":[1],"tags":[],"_links":{"self":[{"href":"https:\/\/blog.polityka.pl\/szostkiewicz\/wp-json\/wp\/v2\/posts\/8290"}],"collection":[{"href":"https:\/\/blog.polityka.pl\/szostkiewicz\/wp-json\/wp\/v2\/posts"}],"about":[{"href":"https:\/\/blog.polityka.pl\/szostkiewicz\/wp-json\/wp\/v2\/types\/post"}],"author":[{"embeddable":true,"href":"https:\/\/blog.polityka.pl\/szostkiewicz\/wp-json\/wp\/v2\/users\/3"}],"replies":[{"embeddable":true,"href":"https:\/\/blog.polityka.pl\/szostkiewicz\/wp-json\/wp\/v2\/comments?post=8290"}],"version-history":[{"count":12,"href":"https:\/\/blog.polityka.pl\/szostkiewicz\/wp-json\/wp\/v2\/posts\/8290\/revisions"}],"predecessor-version":[{"id":8306,"href":"https:\/\/blog.polityka.pl\/szostkiewicz\/wp-json\/wp\/v2\/posts\/8290\/revisions\/8306"}],"wp:featuredmedia":[{"embeddable":true,"href":"https:\/\/blog.polityka.pl\/szostkiewicz\/wp-json\/wp\/v2\/media\/8298"}],"wp:attachment":[{"href":"https:\/\/blog.polityka.pl\/szostkiewicz\/wp-json\/wp\/v2\/media?parent=8290"}],"wp:term":[{"taxonomy":"category","embeddable":true,"href":"https:\/\/blog.polityka.pl\/szostkiewicz\/wp-json\/wp\/v2\/categories?post=8290"},{"taxonomy":"post_tag","embeddable":true,"href":"https:\/\/blog.polityka.pl\/szostkiewicz\/wp-json\/wp\/v2\/tags?post=8290"}],"curies":[{"name":"wp","href":"https:\/\/api.w.org\/{rel}","templated":true}]}}