
{"id":8307,"date":"2019-03-15T14:45:34","date_gmt":"2019-03-15T13:45:34","guid":{"rendered":"http:\/\/szostkiewicz.blog.polityka.pl\/?p=8307"},"modified":"2019-03-15T16:49:26","modified_gmt":"2019-03-15T15:49:26","slug":"jaki-wstyd-jaka-szkoda","status":"publish","type":"post","link":"https:\/\/blog.polityka.pl\/szostkiewicz\/2019\/03\/15\/jaki-wstyd-jaka-szkoda\/","title":{"rendered":"Jaki wstyd, jaka szkoda"},"content":{"rendered":"<p>Kurz po ko\u015bcielnej prezentacji raportu ISKK o pedofilii d\u0142ugo nie opadnie. A przecie\u017c konferencja prasowa temu po\u015bwi\u0119cona nie musia\u0142a zako\u0144czy\u0107 si\u0119 tak fatalnie dla przedstawicieli Ko\u015bcio\u0142a w Polsce i jego wizerunku.<br \/>\n<!--more--><br \/>\nMog\u0142o p\u00f3j\u015b\u0107 wiele lepiej, gdyby arcybiskupi J\u0119draszewski i G\u0105decki porzucili j\u0119zyk wojny kulturowej i okazali cho\u0107 troch\u0119 szczerej empatii skrzywdzonym.<\/p>\n<p>Konferencja pod ka\u017cdym wzgl\u0119dem by\u0142a katastrof\u0105. Tak\u017ce z punktu widzenia profesjonalnego przekazu dla medi\u00f3w. Ko\u015bcielnym dostojnikom komentarz do raportu pomyli\u0142 si\u0119 z kazaniem z ambony do przekonanych wiernych.<\/p>\n<p>Jak odebra\u0142a te wojownicze kazania szersza widownia, dobrze ilustruje reakcja dziennikarza &#8222;GW&#8221; Micha\u0142a Danielewskiego: \u201ew\u015bciek\u0142o\u015b\u0107, zdumienie, wstyd\u201d.<\/p>\n<p>Rzeczywi\u015bcie, niekt\u00f3re \u201ez\u0142ote my\u015bli\u201d ksi\u0119\u017cy J\u0119draszewskiego i G\u0105deckiego wywo\u0142uj\u0105 niesmak, a nawet oburzenie. S\u0105 topornymi pr\u00f3bami rozmycia problemu przest\u0119pstw seksualnych w Ko\u015bciele rzymskokatolickim. To prawda, \u017ce zdarzaj\u0105 si\u0119 one tak\u017ce poza tym Ko\u015bcio\u0142em, wszyscy to doskonale wiemy &#8211; te\u017c zas\u0142uguj\u0105 na pot\u0119pienie i os\u0105dzenie.<\/p>\n<p>Abp G\u0105decki podczas konferencji wspomnia\u0142 mimochodem, \u017ce z pedofili\u0105 borykaj\u0105 si\u0119 te\u017c protestanci. I to r\u00f3wnie\u017c jest prawda. Nie doda\u0142 jednak, \u017ce dotyczy to g\u0142\u00f3wnie rodzin i wsp\u00f3lnot fundamentalistycznych, cho\u0107 nie tylko.<\/p>\n<p>Jest rzecz\u0105 ciekaw\u0105, \u017ce w \u015bwiecie zachodnim w zg\u0142oszonych statystykach przest\u0119pstw seksualnych z udzia\u0142em duchownych prym wiod\u0105 USA. Liczba zg\u0142oszonych przest\u0119pstw \u201ekatolickich\u201d jest zbli\u017cona do \u201eprotestanckich\u201d, <a href=\"https:\/\/religionnews.com\/2015\/12\/07\/spotlight-its-not-just-a-catholic-problem\/\">a nawet od nich ni\u017csza<\/a>.<\/p>\n<p>Gdyby abp G\u0105decki rozwin\u0105\u0142 ten temat rzeczowo, a nie polemicznie \u2013 w kontrze do sugestii, \u017ce pedofilia ma zwi\u0105zek z celibatem &#8211; wni\u00f3s\u0142by do debaty co\u015b po\u017cytecznego. A tak okazja do dojrza\u0142ej rozmowy na powa\u017cny temat zosta\u0142a zmarnowana. Po ponad dwu godzinach tak poprowadzonej konferencji niekt\u00f3rzy katolicy, w tym ksi\u0119\u017ca, mogli si\u0119 modli\u0107, \u017ceby ju\u017c si\u0119 sko\u0144czy\u0142o to samopogr\u0105\u017canie si\u0119 dwu lider\u00f3w episkopatu.<\/p>\n<p>A sam zaprezentowany raport wypada blado w por\u00f3wnaniu z raportem fundacji \u201eNie l\u0119kajcie si\u0119\u201d z\u0142o\u017conym na r\u0119ce papie\u017ca Franciszka w Watykanie. Je\u015bli ko\u015bcielny raport mia\u0142 \u201eprzykry\u0107\u201d raport fundacji, to i ten cel nie zosta\u0142 osi\u0105gni\u0119ty.<\/p>\n","protected":false},"excerpt":{"rendered":"<p>Kurz po ko\u015bcielnej prezentacji raportu ISKK o pedofilii d\u0142ugo nie opadnie.<\/p>\n","protected":false},"author":3,"featured_media":8312,"comment_status":"open","ping_status":"closed","sticky":false,"template":"","format":"standard","meta":{"footnotes":""},"categories":[1],"tags":[],"_links":{"self":[{"href":"https:\/\/blog.polityka.pl\/szostkiewicz\/wp-json\/wp\/v2\/posts\/8307"}],"collection":[{"href":"https:\/\/blog.polityka.pl\/szostkiewicz\/wp-json\/wp\/v2\/posts"}],"about":[{"href":"https:\/\/blog.polityka.pl\/szostkiewicz\/wp-json\/wp\/v2\/types\/post"}],"author":[{"embeddable":true,"href":"https:\/\/blog.polityka.pl\/szostkiewicz\/wp-json\/wp\/v2\/users\/3"}],"replies":[{"embeddable":true,"href":"https:\/\/blog.polityka.pl\/szostkiewicz\/wp-json\/wp\/v2\/comments?post=8307"}],"version-history":[{"count":6,"href":"https:\/\/blog.polityka.pl\/szostkiewicz\/wp-json\/wp\/v2\/posts\/8307\/revisions"}],"predecessor-version":[{"id":8316,"href":"https:\/\/blog.polityka.pl\/szostkiewicz\/wp-json\/wp\/v2\/posts\/8307\/revisions\/8316"}],"wp:featuredmedia":[{"embeddable":true,"href":"https:\/\/blog.polityka.pl\/szostkiewicz\/wp-json\/wp\/v2\/media\/8312"}],"wp:attachment":[{"href":"https:\/\/blog.polityka.pl\/szostkiewicz\/wp-json\/wp\/v2\/media?parent=8307"}],"wp:term":[{"taxonomy":"category","embeddable":true,"href":"https:\/\/blog.polityka.pl\/szostkiewicz\/wp-json\/wp\/v2\/categories?post=8307"},{"taxonomy":"post_tag","embeddable":true,"href":"https:\/\/blog.polityka.pl\/szostkiewicz\/wp-json\/wp\/v2\/tags?post=8307"}],"curies":[{"name":"wp","href":"https:\/\/api.w.org\/{rel}","templated":true}]}}