
{"id":8322,"date":"2019-03-17T10:53:09","date_gmt":"2019-03-17T09:53:09","guid":{"rendered":"http:\/\/szostkiewicz.blog.polityka.pl\/?p=8322"},"modified":"2019-03-17T11:48:06","modified_gmt":"2019-03-17T10:48:06","slug":"czy-terrorysta-z-christchurch-byl-w-polsce","status":"publish","type":"post","link":"https:\/\/blog.polityka.pl\/szostkiewicz\/2019\/03\/17\/czy-terrorysta-z-christchurch-byl-w-polsce\/","title":{"rendered":"Czy terrorysta z Christchurch by\u0142 w Polsce?"},"content":{"rendered":"<p>Brenton Tarrant twierdzi, \u017ce by\u0142 w Polsce. Polskie w\u0142adze powinny si\u0119 tym zainteresowa\u0107. Bu\u0142garskie ju\u017c si\u0119 zainteresowa\u0142y.<br \/>\n<!--more--><br \/>\nDochodzenie wszcz\u0119\u0142a bu\u0142garska prokuratura. Okaza\u0142o si\u0119, \u017ce jesieni\u0105 ubieg\u0142ego roku morderca podr\u00f3\u017cowa\u0142 po Ba\u0142kanach. Do Sofii przylecia\u0142 w po\u0142owie listopada z Dubaju. Odwiedzi\u0142 te\u017c Rumuni\u0119, W\u0119gry. Wcze\u015bniej, w 2016 r., podr\u00f3\u017cowa\u0142 autobusem przez kraje dawnej Jugos\u0142awii.<\/p>\n<p>Podobno dlatego, \u017ce interesowa\u0142a go historia tej cz\u0119\u015bci Europy. Ale Bu\u0142garzy chc\u0105 sprawdzi\u0107, czy przy okazji z kim\u015b si\u0119 nie kontaktowa\u0142. Istnieje przecie\u017c mi\u0119dzynarod\u00f3wka skrajnej prawicy.<\/p>\n<p>Tak\u017ce w Polsce. Przymilaj\u0105 si\u0119 do niej populistyczni politycy. Polska pod obecnymi rz\u0105dami wymieniana jest w mediach zachodnich jednym tchem nie tylko z W\u0119grami Orb\u00e1na, ale i W\u0142ochami Salviniego. Polscy nacjonali\u015bci zlinkowali nienawistny manifest mordercy. Na Zachodzie apeluje si\u0119, by nie podawa\u0107 dalej w \u017caden spos\u00f3b jego wypocin i wideo.<\/p>\n<p>Zbrodniarz z zimn\u0105 krwi\u0105 nagrywa\u0142, jak zabija niewinnych ludzi, w tym ma\u0142e dzieci. Ofiar jest ju\u017c 50, 50 kolejnych przebywa w szpitalach, wiele w stanie krytycznym.<\/p>\n<p>Tarrant inspirowa\u0142 si\u0119 zbrodni\u0105 Norwega Breivika, kt\u00f3ry z nienawi\u015bci do muzu\u0142ma\u0144skich imigrant\u00f3w zamordowa\u0142 dziesi\u0105tki swych rodak\u00f3w, cz\u0142onk\u00f3w m\u0142odzie\u017c\u00f3wki norweskiej Partii Pracy. Tylko dlatego, \u017ce partia by\u0142a za otwart\u0105 Norwegi\u0105.<\/p>\n<p>Ideologi\u0105 mordercy by\u0142a &#8222;obrona cywilizacji bia\u0142ego cz\u0142owieka&#8221; przed innymi rasami i nacjami, kt\u00f3re nie nale\u017c\u0105 do tej cywilizacji. To samo has\u0142o przywo\u0142ywa\u0142 morderca z Australii. Obaj wielokrotnie w swych nienawistnych manifestach przywo\u0142ywali kraje ba\u0142ka\u0144skie. Bo tam toczy\u0142y walki mi\u0119dzy chrze\u015bcijanami a muzu\u0142manami.<\/p>\n<p>Pod pretekstem zainteresowa\u0144 histori\u0105 tego regionu Tarrant wyprawi\u0142 si\u0119 na Ba\u0142kany. Wyci\u0105gn\u0105\u0142 z wyprawy wniosek, \u017ce zostanie uznany za bohatera, a nie za terroryst\u0119, kiedy wymorduje niewinnych ludzi wyznaj\u0105cych islam na antypodach Europy.<\/p>\n<p>Policja nowozelandzka znalaz\u0142a przy Australijczyku bro\u0144 ozdobion\u0105 imionami postaci historycznych zwi\u0105zanych z historycznymi wojnami ze \u015bwiatem islamskim w Europie po\u0142udniowo-wschodniej. St\u0105d bitwa wiede\u0144ska 1683 r. i nazwisko hetmana Feliksa Potockiego.<\/p>\n<p>To nie jest dow\u00f3d, \u017ce Tarrant robi\u0142 w Polsce z\u0142e rzeczy, ale w\u0142adze powinny mie\u0107 pewno\u015b\u0107, \u017ce nie nawi\u0105za\u0142 u nas \u017cadnych z\u0142ych kontakt\u00f3w. Tego wymaga bezpiecze\u0144stwo polskich obywateli i przybyszy odwiedzaj\u0105cych nasz kraj.<\/p>\n<p>Gruzini s\u0105 w\u015bciekli, \u017ce morderca pos\u0142u\u017cy\u0142 si\u0119 imieniem jednego z ich dawnych w\u0142adc\u00f3w. Gruzi\u0144skie s\u0142u\u017cby w\u0142\u0105czy\u0142y si\u0119 do dochodze\u0144. Ukrai\u0144c\u00f3w zbulwersowa\u0142o, \u017ce morderca pos\u0142u\u017cy\u0142 si\u0119 nazwiskiem pochodz\u0105cego z Ukrainy Paw\u0142o \u0141apszyna, skazanego w Wielkiej Brytanii za antymuzu\u0142ma\u0144ski terroryzm, w tym zasztyletowanie s\u0119dziwego m\u0119\u017cczyzny, kt\u00f3ry mia\u0142\u00a0nieszcz\u0119\u015bcie min\u0105\u0107 si\u0119 z nim na ulicy.<\/p>\n<p>Czegokolwiek dowiemy si\u0119 jeszcze o tle bestialskiej zbrodni Tarranta, trzeba podkre\u015bli\u0107, \u017ce tacy jak on podobaj\u0105 si\u0119 cz\u0119\u015bci spo\u0142ecze\u0144stwa, nie tylko w Polsce.<\/p>\n<p>Ale nie musi tak by\u0107. W Anglii policja aresztowa\u0142a internetowych entuzjast\u00f3w terrorysty z Australii. Tam, gdzie w\u0142adze, szko\u0142y i media publiczne jednoznacznie odcinaj\u0105 si\u0119 od skrajnej prawicy, \u0142atwiej kontrolowa\u0107 wszelki ekstremizm, tak\u017ce islamistyczny.<\/p>\n","protected":false},"excerpt":{"rendered":"<p>Zbrodniarz z zimn\u0105 krwi\u0105 nagrywa\u0142, jak zabija niewinnych ludzi.<\/p>\n","protected":false},"author":3,"featured_media":8325,"comment_status":"open","ping_status":"closed","sticky":false,"template":"","format":"standard","meta":{"footnotes":""},"categories":[1],"tags":[],"_links":{"self":[{"href":"https:\/\/blog.polityka.pl\/szostkiewicz\/wp-json\/wp\/v2\/posts\/8322"}],"collection":[{"href":"https:\/\/blog.polityka.pl\/szostkiewicz\/wp-json\/wp\/v2\/posts"}],"about":[{"href":"https:\/\/blog.polityka.pl\/szostkiewicz\/wp-json\/wp\/v2\/types\/post"}],"author":[{"embeddable":true,"href":"https:\/\/blog.polityka.pl\/szostkiewicz\/wp-json\/wp\/v2\/users\/3"}],"replies":[{"embeddable":true,"href":"https:\/\/blog.polityka.pl\/szostkiewicz\/wp-json\/wp\/v2\/comments?post=8322"}],"version-history":[{"count":4,"href":"https:\/\/blog.polityka.pl\/szostkiewicz\/wp-json\/wp\/v2\/posts\/8322\/revisions"}],"predecessor-version":[{"id":8327,"href":"https:\/\/blog.polityka.pl\/szostkiewicz\/wp-json\/wp\/v2\/posts\/8322\/revisions\/8327"}],"wp:featuredmedia":[{"embeddable":true,"href":"https:\/\/blog.polityka.pl\/szostkiewicz\/wp-json\/wp\/v2\/media\/8325"}],"wp:attachment":[{"href":"https:\/\/blog.polityka.pl\/szostkiewicz\/wp-json\/wp\/v2\/media?parent=8322"}],"wp:term":[{"taxonomy":"category","embeddable":true,"href":"https:\/\/blog.polityka.pl\/szostkiewicz\/wp-json\/wp\/v2\/categories?post=8322"},{"taxonomy":"post_tag","embeddable":true,"href":"https:\/\/blog.polityka.pl\/szostkiewicz\/wp-json\/wp\/v2\/tags?post=8322"}],"curies":[{"name":"wp","href":"https:\/\/api.w.org\/{rel}","templated":true}]}}