
{"id":8541,"date":"2019-05-05T13:58:53","date_gmt":"2019-05-05T11:58:53","guid":{"rendered":"http:\/\/szostkiewicz.blog.polityka.pl\/?p=8541"},"modified":"2019-05-06T21:51:25","modified_gmt":"2019-05-06T19:51:25","slug":"oburzeni-jazdzewskim","status":"publish","type":"post","link":"https:\/\/blog.polityka.pl\/szostkiewicz\/2019\/05\/05\/oburzeni-jazdzewskim\/","title":{"rendered":"Oburzeni Ja\u017cd\u017cewskim"},"content":{"rendered":"<p>Leszek Ja\u017cd\u017cewski nie jest \u201ewrogiem\u201d Ko\u015bcio\u0142a, tylko krytykiem, ale przecie\u017c nie wiary, Jezusa i Ewangelii, lecz <a href=\"https:\/\/liberte.pl\/skok-w-nowoczesnosc\/\">Ko\u015bcio\u0142a instytucjonalnego w Polsce<\/a>. Krytykiem radykalnie ewangelicznym, czyli konfrontuj\u0105cym obecn\u0105 polsk\u0105 rzeczywisto\u015b\u0107 ko\u015bcieln\u0105 i oko\u0142oko\u015bcieln\u0105 z naukami Jezusa. To mo\u017ce bole\u0107 i powinno. I ka\u017cdy wierz\u0105cy i niewierz\u0105cy ma do tego prawo.<!--more--><\/p>\n<p>Teraz podnosi si\u0119 fala oburzenia, \u017ce Ja\u017cd\u017cewski z tego prawa skorzysta\u0142 jako obywatel, a nie polityk, wyr\u0119czaj\u0105c poniek\u0105d Donalda Tuska od podj\u0119cia tematu, jaka jest dzi\u015b kondycja Ko\u015bcio\u0142a w Polsce i jakiego Ko\u015bcio\u0142a Polska nie potrzebuje.<\/p>\n<p>Jest obrzydliw\u0105 moralnie hipokryzj\u0105 pisa\u0107 listy do rektora UW w sprawie Ja\u017cd\u017cewskiego, a milcze\u0107 na temat cytowania przez biskupa antysemickiej fa\u0142szywki. Jest nieporozumieniem upominanie przez uczelni\u0119 zaproszonego go\u015bcia za to, \u017ce wyliczy\u0142 grzechy Ko\u015bcio\u0142a instytucjonalnego w Polsce: omert\u0119 pedofilsk\u0105, szukanie korzy\u015bci materialnych i przywilej\u00f3w, zamienianie krzy\u017ca w \u201epa\u0142k\u0119\u201d, czyli w znak dominacji i wykluczania.<\/p>\n<p>W niczym nie narusza\u0142o to zasady wolno\u015bci debaty. Ja\u017cd\u017cewski jej nie z\u0142ama\u0142, cytuj\u0105c opini\u0119 Tadeusza Konwickiego i wyliczaj\u0105c grzechy dzisiejszego Ko\u015bcio\u0142a instytucjonalnego w Polsce. Te same grzechy pi\u0119tnuje papie\u017c Franciszek w odniesieniu do niekt\u00f3rych episkopat\u00f3w Ko\u015bcio\u0142a rzymskokatolickiego.<\/p>\n<p>S\u0105 one nie do pogodzenia z oczekiwaniami wielu katolik\u00f3w w Polsce i samego papie\u017ca Franciszka. Znakiem tego mo\u017ce by\u0107 cho\u0107by to, \u017ce Franciszek przez sze\u015b\u0107 lat swego pontyfikatu nie mianowa\u0142 \u017cadnego nowego kardyna\u0142a z Polski.<\/p>\n<p>\u201e\u015awi\u0144skie\u201d por\u00f3wnanie nie powinno przes\u0142oni\u0107 sedna problemu, czyli oceny spo\u0142ecznej i politycznej roli Ko\u015bcio\u0142a pod rz\u0105dami \u201ezjednoczonej prawicy\u201d. Rozumiem je jako zach\u0119t\u0119 do odnowy rozmowy o obecnej roli cz\u0119\u015bci biskup\u00f3w, ksi\u0119\u017cy i dzia\u0142aczy wy\u0142\u0105cznie na ich warunkach.<\/p>\n<p>Trzeba je widzie\u0107 w szerszym kontek\u015bcie ni\u017c tylko ko\u015bcielny. W kontek\u015bcie manipulowania Ko\u015bcio\u0142em przez obecny ob\u00f3z w\u0142adzy i manipulowania przez cz\u0119\u015b\u0107 Ko\u015bcio\u0142a politykami w celu konsolidacji jego wp\u0142yw\u00f3w i interes\u00f3w. To wszystko nie ma nic wsp\u00f3lnego z Ko\u015bcio\u0142em II Soboru Watyka\u0144skiego, a ma wiele z ultrakatolickim integryzmem, czyli z kszta\u0142towaniem w Polsce nowej wersji sojuszu o\u0142tarza z tronem, s\u0142usznie odrzuconego przez Ko\u015bci\u00f3\u0142 soborowy.<\/p>\n<p>Nie wiemy, czy bieg wydarze\u0144 przewidywany przez Ja\u017cd\u017cewskiego rzeczywi\u015bcie doprowadzi do \u201eko\u0144ca patriarchatu\u201d, ale m\u00f3wca s\u0142usznie przywo\u0142a\u0142 spraw\u0119 praw kobiet jako moment zwrotny.<\/p>\n<p>ps.<\/p>\n<p>no a teraz to: policja zatrzymuje Pani\u0105 Podle\u015bn\u0105 w zwi\u0105zku z nieszcz\u0119snym art.146 kk. A aresztowaniu za Matk\u0119 Bosk\u0105 T\u0119czow\u0105 ju\u017c pisze londy\u0144ski Guardian. Tak w cynicznej pogoni za w\u0142adz\u0105 z poparciem episkopatu niszczy si\u0119 wiar\u0119 w jej rzekomej obronie. Policja w obronie wiary i Ko\u015bcio\u0142a tylko przyspieszy oddoln\u0105 deklerykalizacj\u0119 Polski.<\/p>\n","protected":false},"excerpt":{"rendered":"<p>Leszek Ja\u017cd\u017cewski nie jest \u201ewrogiem\u201d Ko\u015bcio\u0142a, tylko krytykiem, ale przecie\u017c nie wiary. <\/p>\n","protected":false},"author":3,"featured_media":8552,"comment_status":"open","ping_status":"closed","sticky":false,"template":"","format":"standard","meta":{"footnotes":""},"categories":[1],"tags":[],"_links":{"self":[{"href":"https:\/\/blog.polityka.pl\/szostkiewicz\/wp-json\/wp\/v2\/posts\/8541"}],"collection":[{"href":"https:\/\/blog.polityka.pl\/szostkiewicz\/wp-json\/wp\/v2\/posts"}],"about":[{"href":"https:\/\/blog.polityka.pl\/szostkiewicz\/wp-json\/wp\/v2\/types\/post"}],"author":[{"embeddable":true,"href":"https:\/\/blog.polityka.pl\/szostkiewicz\/wp-json\/wp\/v2\/users\/3"}],"replies":[{"embeddable":true,"href":"https:\/\/blog.polityka.pl\/szostkiewicz\/wp-json\/wp\/v2\/comments?post=8541"}],"version-history":[{"count":12,"href":"https:\/\/blog.polityka.pl\/szostkiewicz\/wp-json\/wp\/v2\/posts\/8541\/revisions"}],"predecessor-version":[{"id":8558,"href":"https:\/\/blog.polityka.pl\/szostkiewicz\/wp-json\/wp\/v2\/posts\/8541\/revisions\/8558"}],"wp:featuredmedia":[{"embeddable":true,"href":"https:\/\/blog.polityka.pl\/szostkiewicz\/wp-json\/wp\/v2\/media\/8552"}],"wp:attachment":[{"href":"https:\/\/blog.polityka.pl\/szostkiewicz\/wp-json\/wp\/v2\/media?parent=8541"}],"wp:term":[{"taxonomy":"category","embeddable":true,"href":"https:\/\/blog.polityka.pl\/szostkiewicz\/wp-json\/wp\/v2\/categories?post=8541"},{"taxonomy":"post_tag","embeddable":true,"href":"https:\/\/blog.polityka.pl\/szostkiewicz\/wp-json\/wp\/v2\/tags?post=8541"}],"curies":[{"name":"wp","href":"https:\/\/api.w.org\/{rel}","templated":true}]}}