
{"id":8643,"date":"2019-05-29T12:04:53","date_gmt":"2019-05-29T10:04:53","guid":{"rendered":"http:\/\/szostkiewicz.blog.polityka.pl\/?p=8643"},"modified":"2019-05-29T12:47:46","modified_gmt":"2019-05-29T10:47:46","slug":"teraz-koalicja-demokratyczna","status":"publish","type":"post","link":"https:\/\/blog.polityka.pl\/szostkiewicz\/2019\/05\/29\/teraz-koalicja-demokratyczna\/","title":{"rendered":"Teraz Koalicja Demokratyczna"},"content":{"rendered":"<p>Koalicja Europejska przegra\u0142a, ale to nie pow\u00f3d do robienia z Grzegorza Schetyny ojca tej pora\u017cki. Wynik KE by\u0142 pora\u017ck\u0105, ale nie by\u0142 upokorzeniem.<br \/>\n<!--more--><br \/>\nKto pami\u0119ta pocz\u0105tki demokracji w Polsce po 1989 r., pami\u0119ta przegran\u0105 Tadeusza Mazowieckiego ze &#8222;Stanem&#8221; Tymi\u0144skim w pierwszej turze wybor\u00f3w prezydenckich w 1990 r., pierwszych ca\u0142kowicie wolnych.<\/p>\n<p>To by\u0142o upokorzenie dla obozu odbudowuj\u0105cego demokratyczne i praworz\u0105dne pa\u0144stwo polskie. I wczesny sygna\u0142 ostrzegawczy przed populizmem jako si\u0142\u0105 wykorzystuj\u0105c\u0105 swobody demokratyczne przeciwko otwartej demokracji.<\/p>\n<p>Opozycja wci\u0105\u017c ma potencja\u0142 polityczny i wyborczy. Rozpad Koalicji Europejskiej by\u0142by niewybaczalny. Mo\u017cna zmieni\u0107 form\u0119, ale nie tre\u015b\u0107. Na wybory parlamentarne i prezydenckie trzeba szykowa\u0107 &#8222;koalicj\u0119 demokratyczn\u0105&#8221; w jak najszerszym sk\u0142adzie.<\/p>\n<p>Tylko tego obawiaj\u0105 si\u0119 w PiS. Dlatego mno\u017c\u0105 si\u0119 ich wypowiedzi odmalowuj\u0105ce sytuacj\u0119 koalicji jako kryzysow\u0105. Jest przeciwnie. Tylko formu\u0142a koalicji demokratycznej mo\u017ce zahamowa\u0107 autorytarne plany przekszta\u0142cenia Polski w scentralizowane pa\u0144stwo z demokratyczn\u0105 fasad\u0105, daj\u0105ce rz\u0105dz\u0105cej nomenklaturze niekontrolowany dost\u0119p do d\u00f3br i przywilej\u00f3w.<\/p>\n<p>Je\u015bli tak ma by\u0107, to wszystkie si\u0142y, kt\u00f3re s\u0105 temu przeciwne, powinny i\u015b\u0107 razem dla wolnej Polski.<\/p>\n<p>Polska nie ma du\u017cych do\u015bwiadcze\u0144 demokratycznych. W XX i XXI w. obejmuj\u0105 one raptem 30 lat po 1989 r. i osiem lat II RP, do majowego przewrotu Pi\u0142sudskiego. Konstytucyjna praworz\u0105dna demokracja wci\u0105\u017c musi si\u0119 u nas (i w UE) zmaga\u0107 z populistycznymi has\u0142ami obrony &#8222;zwyk\u0142ych ludzi&#8221; przed oderwanymi od rzeczywisto\u015bci &#8222;elitami&#8221;.<\/p>\n<p>Tymczasem obro\u0144cami &#8222;zwyk\u0142ych ludzi&#8221;, czyli r\u00f3wnych praw wszystkich obywateli ponad r\u00f3\u017cnicami \u015bwiatopogl\u0105d\u00f3w i sympatii politycznych, s\u0105 tylko si\u0142y demokratyczne. Dlatego populi\u015bci wmawiaj\u0105 ludziom, \u017ce sprawy demokracji, ustroju, praworz\u0105dno\u015bci s\u0105 z punktu widzenia ich interes\u00f3w niewa\u017cne i mami\u0105 ich obietnicami materialnymi.<\/p>\n<p>W rzeczywisto\u015bci &#8222;zwykli ludzie&#8221; to ich mi\u0119so armatnie. Kiedy populi\u015bci dochodz\u0105 do w\u0142adzy, natychmiast zaczynaj\u0105 budowa\u0107 w\u0142asne fortuny osobiste i rodzinne, a &#8222;ciemnemu ludowi&#8221; rzucaj\u0105 socjaln\u0105 ja\u0142mu\u017cn\u0119.<\/p>\n","protected":false},"excerpt":{"rendered":"<p>Opozycja wci\u0105\u017c ma potencja\u0142 polityczny i wyborczy.<\/p>\n","protected":false},"author":3,"featured_media":8647,"comment_status":"open","ping_status":"closed","sticky":false,"template":"","format":"standard","meta":{"footnotes":""},"categories":[1],"tags":[],"_links":{"self":[{"href":"https:\/\/blog.polityka.pl\/szostkiewicz\/wp-json\/wp\/v2\/posts\/8643"}],"collection":[{"href":"https:\/\/blog.polityka.pl\/szostkiewicz\/wp-json\/wp\/v2\/posts"}],"about":[{"href":"https:\/\/blog.polityka.pl\/szostkiewicz\/wp-json\/wp\/v2\/types\/post"}],"author":[{"embeddable":true,"href":"https:\/\/blog.polityka.pl\/szostkiewicz\/wp-json\/wp\/v2\/users\/3"}],"replies":[{"embeddable":true,"href":"https:\/\/blog.polityka.pl\/szostkiewicz\/wp-json\/wp\/v2\/comments?post=8643"}],"version-history":[{"count":4,"href":"https:\/\/blog.polityka.pl\/szostkiewicz\/wp-json\/wp\/v2\/posts\/8643\/revisions"}],"predecessor-version":[{"id":8648,"href":"https:\/\/blog.polityka.pl\/szostkiewicz\/wp-json\/wp\/v2\/posts\/8643\/revisions\/8648"}],"wp:featuredmedia":[{"embeddable":true,"href":"https:\/\/blog.polityka.pl\/szostkiewicz\/wp-json\/wp\/v2\/media\/8647"}],"wp:attachment":[{"href":"https:\/\/blog.polityka.pl\/szostkiewicz\/wp-json\/wp\/v2\/media?parent=8643"}],"wp:term":[{"taxonomy":"category","embeddable":true,"href":"https:\/\/blog.polityka.pl\/szostkiewicz\/wp-json\/wp\/v2\/categories?post=8643"},{"taxonomy":"post_tag","embeddable":true,"href":"https:\/\/blog.polityka.pl\/szostkiewicz\/wp-json\/wp\/v2\/tags?post=8643"}],"curies":[{"name":"wp","href":"https:\/\/api.w.org\/{rel}","templated":true}]}}