
{"id":8690,"date":"2019-06-07T21:29:35","date_gmt":"2019-06-07T19:29:35","guid":{"rendered":"http:\/\/szostkiewicz.blog.polityka.pl\/?p=8690"},"modified":"2019-06-10T00:23:27","modified_gmt":"2019-06-09T22:23:27","slug":"lewico-to-tez-wasza-wojna","status":"publish","type":"post","link":"https:\/\/blog.polityka.pl\/szostkiewicz\/2019\/06\/07\/lewico-to-tez-wasza-wojna\/","title":{"rendered":"Lewico, to te\u017c wasza wojna"},"content":{"rendered":"<p>Cz\u0119\u015b\u0107 lewicy powtarza, \u017ce konflikt obozu wok\u00f3\u0142 PO z obozem wok\u00f3\u0142 PiS to nie ich wojna. Lewicowa intelektualistka Karolina Wigura oznajmia, \u017ce &#8222;sta\u0107 nas na wi\u0119cej ni\u017c PiS i anty-PiS&#8221;. No pewno, \u017ce sta\u0107, tylko kogo, skoro ludzie wci\u0105\u017c gremialnie g\u0142osuj\u0105 na te dwa obozy polityczne?<br \/>\n<!--more--><br \/>\n\u017beby by\u0142o sta\u0107 nas na wi\u0119cej, trzeba najpierw demokratycznie odsun\u0105\u0107 od w\u0142adzy ob\u00f3z PiS. Niezale\u017cny senator Marek Borowski, cz\u0142owiek lewicy, patrzy na sytuacj\u0119 inaczej ni\u017c Karolina Wigura.<\/p>\n<p>Pisze on w interesuj\u0105cym, z konkretnymi propozycjami, artykule w pi\u0105tkowej &#8222;GW&#8221;, \u017ce tylko koalicja &#8222;mo\u017ce sta\u0107 si\u0119 zapor\u0105 dla autorytarnych zakus\u00f3w PiS&#8221;. Opozycja powinna og\u0142osi\u0107 programowe minimum dotycz\u0105ce spraw ustroju, spo\u0142ecze\u0144stwa i gospodarki, w czym nie przeszkadzaj\u0105 r\u00f3\u017cnice zda\u0144 w kwestiach symbolicznych i obyczajowych.<\/p>\n<p>A zatem jest to tak\u017ce &#8222;wojna&#8221; demokratycznej lewicy. Przecie\u017c stoi ona murem za demokracj\u0105, niezale\u017cno\u015bci\u0105 s\u0119dzi\u00f3w, kultury i medi\u00f3w od polityk\u00f3w, za prawami mniejszo\u015bci, swobodami obywatelskimi, a nie tylko za walk\u0105 z nier\u00f3wno\u015bciami spo\u0142ecznymi, dyskryminacj\u0105 kobiet i, ostatnio, za walk\u0105 o powa\u017cne traktowanie konsekwencji globalnej zmiany klimatu.<\/p>\n<p>W obecnej polskiej rzeczywisto\u015bci politycznej wszystkie te warto\u015bci s\u0105 zagro\u017cone, a wi\u0119c walka w ich obronie jest spraw\u0105 wsp\u00f3ln\u0105 zar\u00f3wno obozu PO, jak i innych prodemokratycznych \u015brodowisk politycznych.<\/p>\n<p>To ich przeciwnicy na prawicy te warto\u015bci kwestionuj\u0105, odrzucaj\u0105, wyszydzaj\u0105 jako &#8222;lewackie&#8221; wymys\u0142y, o kt\u00f3rych &#8222;zwykli ludzie&#8221; w og\u00f3le nie chc\u0105 s\u0142ucha\u0107.<\/p>\n<p>Trudno poj\u0105\u0107, czemu u nas cz\u0119\u015b\u0107 lewicy podchwytuje te prawicowe i populistyczne mantry. Sk\u0105d wie, \u017ce &#8222;zwyk\u0142ych ludzi&#8221; nie obchodzi, w jakim pa\u0144stwie \u017cyj\u0105 \u2013 demokratycznym czy zamordystycznym? I \u017ce jest im wszystko jedno, czy Polska nale\u017cy do Unii Europejskiej, czy do Unii Euroazjatyckiej pod przewodem putinowskiej Rosji?<\/p>\n<p>Walka z demonta\u017cem demokracji konstytucyjnej le\u017cy tak\u017ce w interesie lewicy. Obecna w\u0142adza chce pa\u0144stwo centralizowa\u0107, ogranicza\u0107 samorz\u0105dno\u015b\u0107 \u2013 a obrona i rozw\u00f3j samorz\u0105dno\u015bci to przecie\u017c has\u0142o ruch\u00f3w miejskich i samorz\u0105dowc\u00f3w \u2013 i zarz\u0105dza\u0107 odg\u00f3rnie organizacjami spo\u0142ecznymi. To wszystko mocno uderza w program lewicy. Ma\u0142o tego, polska prawica, i ta u w\u0142adzy, i ta skrajna, w og\u00f3le najch\u0119tniej usun\u0119\u0142aby lewic\u0119 z \u017cycia publicznego. Niech sobie dogorywa w rezerwacie.<\/p>\n<p>W tej sytuacji przyk\u0142adanie r\u0119ki do delegitymizacji obecnego sporu o przysz\u0142o\u015b\u0107 Polski jako sporu PO\/PiS, a wi\u0119c wy\u0142\u0105cznie mi\u0119dzy dwoma partiami o tych samych solidarno\u015bciowych korzeniach, jest samob\u00f3jstwem politycznym. Te partie r\u00f3\u017cni dzi\u015b wszystko.<\/p>\n<p>Przede wszystkim to, \u017ce PiS widzi w PO nie rywala i przeciwnika, lecz wroga i zdrajc\u0119. \u017bywi si\u0119 konfliktem, cho\u0107 ob\u0142udnie temu zaprzecza. Zestawia Tuska z Hitlerem. Tym samym wyklucza mo\u017cliwo\u015b\u0107 dialogu i kompromisu nie tylko z PO, lecz tak\u017ce z lewic\u0105 demokratyczn\u0105 i z demokratycznymi konserwatystami, chyba \u017ce na warunkach, jakie PiS im podyktuje.<\/p>\n<p>Tymczasem warunkiem sukcesu po stronie koalicji si\u0142 demokratycznych jest rezygnacja z postawy, \u017ce &#8222;nas to nie dotyczy&#8221;, bo &#8222;to nie nasza wojna&#8221;. To jest polityka pod has\u0142em &#8222;ka\u017cdy sobie rzepk\u0119 skrobie&#8221;. A\u017c w ko\u0144cu oskroban\u0105 rzepk\u0119 wrzuci sobie do gara naczelny <em>chef<\/em>\u00a0&#8222;dobrej zmiany&#8221;.<\/p>\n","protected":false},"excerpt":{"rendered":"<p>Walka z demonta\u017cem demokracji konstytucyjnej le\u017cy tak\u017ce w interesie lewicy.<\/p>\n","protected":false},"author":3,"featured_media":8699,"comment_status":"open","ping_status":"closed","sticky":false,"template":"","format":"standard","meta":{"footnotes":""},"categories":[1],"tags":[],"_links":{"self":[{"href":"https:\/\/blog.polityka.pl\/szostkiewicz\/wp-json\/wp\/v2\/posts\/8690"}],"collection":[{"href":"https:\/\/blog.polityka.pl\/szostkiewicz\/wp-json\/wp\/v2\/posts"}],"about":[{"href":"https:\/\/blog.polityka.pl\/szostkiewicz\/wp-json\/wp\/v2\/types\/post"}],"author":[{"embeddable":true,"href":"https:\/\/blog.polityka.pl\/szostkiewicz\/wp-json\/wp\/v2\/users\/3"}],"replies":[{"embeddable":true,"href":"https:\/\/blog.polityka.pl\/szostkiewicz\/wp-json\/wp\/v2\/comments?post=8690"}],"version-history":[{"count":8,"href":"https:\/\/blog.polityka.pl\/szostkiewicz\/wp-json\/wp\/v2\/posts\/8690\/revisions"}],"predecessor-version":[{"id":8711,"href":"https:\/\/blog.polityka.pl\/szostkiewicz\/wp-json\/wp\/v2\/posts\/8690\/revisions\/8711"}],"wp:featuredmedia":[{"embeddable":true,"href":"https:\/\/blog.polityka.pl\/szostkiewicz\/wp-json\/wp\/v2\/media\/8699"}],"wp:attachment":[{"href":"https:\/\/blog.polityka.pl\/szostkiewicz\/wp-json\/wp\/v2\/media?parent=8690"}],"wp:term":[{"taxonomy":"category","embeddable":true,"href":"https:\/\/blog.polityka.pl\/szostkiewicz\/wp-json\/wp\/v2\/categories?post=8690"},{"taxonomy":"post_tag","embeddable":true,"href":"https:\/\/blog.polityka.pl\/szostkiewicz\/wp-json\/wp\/v2\/tags?post=8690"}],"curies":[{"name":"wp","href":"https:\/\/api.w.org\/{rel}","templated":true}]}}