
{"id":8703,"date":"2019-06-09T12:13:35","date_gmt":"2019-06-09T10:13:35","guid":{"rendered":"http:\/\/szostkiewicz.blog.polityka.pl\/?p=8703"},"modified":"2019-06-10T08:45:05","modified_gmt":"2019-06-10T06:45:05","slug":"co-obraza-boga-i-wierzacych","status":"publish","type":"post","link":"https:\/\/blog.polityka.pl\/szostkiewicz\/2019\/06\/09\/co-obraza-boga-i-wierzacych\/","title":{"rendered":"Co obra\u017ca &#8222;Boga i wierz\u0105cych&#8221;?"},"content":{"rendered":"<p>Po wygranej PiS w eurowyborach humory w episkopacie si\u0119 wyra\u017anie poprawi\u0142y. Rzecznik konferencji biskup\u00f3w skrytykowa\u0142 blu\u017aniercz\u0105 obraz\u0119 uczu\u0107 religijnych, do jakiej jego zdaniem dosz\u0142o podczas sobotniego marszu r\u00f3wno\u015bci w Warszawie, kt\u00f3ry pobi\u0142 rekord frekwencji.<br \/>\n<!--more--><br \/>\nDo krytyki przy\u0142\u0105czy\u0142 si\u0119 Jaros\u0142aw Gowin, czyli ob\u00f3z obecnej &#8222;dobrej zmiany&#8221;. W\u0142adza polityczna wspar\u0142a ko\u015bcieln\u0105, nie dostrzegaj\u0105c absurdalno\u015bci swych zarzut\u00f3w.<\/p>\n<p>Wymowa komunikatu rzecznika nie jest jasna. Nie wiadomo, czy odnosi si\u0119 on do ca\u0142ego marszu, czy do nabo\u017ce\u0144stwa Wolnego Ko\u015bcio\u0142a Reformowanego. O tym Ko\u015bciele wcze\u015bniej nie s\u0142ysza\u0142em, nie odnalaz\u0142em go te\u017c w urz\u0119dowym wykazie zwi\u0105zk\u00f3w wyznaniowych zarejestrowanych w RP. Ale grupy konfesyjne nie musz\u0105 si\u0119 rejestrowa\u0107, je\u015bli nie zale\u017cy im na osobowo\u015bci prawnej, a ich dzia\u0142anie nie narusza prawa. Nawet je\u015bli to jaki\u015b happening, zarzuty o &#8222;blu\u017anierstwo&#8221; brzmi\u0105 groteskowo.<\/p>\n<p>Wa\u017cniejsze, \u017ce brzmi\u0105 ob\u0142udnie. U\u017cywaj\u0105c j\u0119zyka rzecznika episkopatu, &#8222;obraz\u0105 Boga i ludzi wierz\u0105cych&#8221; nale\u017ca\u0142oby nazwa\u0107 nie mniej lub bardziej udany happening, tylko pedofili\u0119 w Ko\u015bciele i system chronienia ksi\u0119\u017cy krzywdzicieli w nim wypracowany i dzia\u0142aj\u0105cy prawdopodobnie do dzisiaj.<\/p>\n<p>Pod koniec maja aresztowano ksi\u0119dza pedofila, proboszcza pewnej dolno\u015bl\u0105skiej parafii. Jego przypadek jest podr\u0119cznikowym przyk\u0142adem tego przest\u0119pczego mechanizmu. By\u0142 szczeg\u00f3lnie aktywny ju\u017c w latach 80., przenoszono go z parafii do parafii. Kiedy sprawa trafi\u0142a do medi\u00f3w, posypa\u0142a si\u0119 lawina \u015bwiadectw os\u00f3b przez niego krzywdzonych.<\/p>\n<p>Na zmowie milczenia wok\u00f3\u0142 przest\u0119pstw seksualnych w Ko\u015bciele nie ko\u0144czy si\u0119 lista rzeczy, kt\u00f3re w oczach wielu wierz\u0105cych i niewierz\u0105cych s\u0105 obraz\u0105 Boga i Ko\u015bcio\u0142a. Niemal codziennie mo\u017cna w internecie przeczyta\u0107 pomyje wylewane przez ludzi okre\u015blaj\u0105cych si\u0119 jako katolicy na osoby LGBT, na kobiety domagaj\u0105ce si\u0119 prawa do bezpiecznej i legalnej aborcji. W\u015br\u00f3d ofiar tej przemocy werbalnej s\u0105 osoby wierz\u0105ce i praktykuj\u0105ce.<\/p>\n<p>A co z sojuszem o\u0142tarza z tronem? Ostentacyjnym fraternizowaniem si\u0119 w\u0142adzy ko\u015bcielnej z pa\u0144stwow\u0105? Tak, wiemy, \u017ce te uwagi zamiast mobilizowa\u0107 Ko\u015bci\u00f3\u0142 do oczyszczenia si\u0119 ze z\u0142a, mobilizuj\u0105 do ataku przeciwko wszelkiego rodzaju &#8222;sygnalistom&#8221;. Spo\u0142eczno\u015bci, w kt\u00f3rych dzia\u0142a ksi\u0105dz pedofil, gdy z\u0142o wyjdzie na jaw, cz\u0119\u015bciej skupiaj\u0105 si\u0119 wok\u00f3\u0142 niego ni\u017c wok\u00f3\u0142 jego ofiar i ich bliskich. Ofiary s\u0105 wykluczane z lokalnej wsp\u00f3lnoty, ksi\u0105dz drapie\u017cca chodzi w glorii atakowanego przez wrog\u00f3w Ko\u015bcio\u0142a.<\/p>\n<p>Te zachowania spo\u0142eczne s\u0105 dobrze znane socjologom. Ko\u015bci\u00f3\u0142 i prawica nie wahaj\u0105 si\u0119 z nich korzysta\u0107 pod has\u0142ami mobilizuj\u0105cymi emocje. Tylko co to ma wsp\u00f3lnego z Dekalogiem? Warto si\u0119 nad tym zastanowi\u0107, szczeg\u00f3lnie w dniu, w kt\u00f3rym Ko\u015bci\u00f3\u0142 obchodzi \u015bwi\u0119to zes\u0142ania Ducha \u015awi\u0119tego.<\/p>\n","protected":false},"excerpt":{"rendered":"<p>A co z sojuszem o\u0142tarza z tronem?<\/p>\n","protected":false},"author":3,"featured_media":8715,"comment_status":"open","ping_status":"closed","sticky":false,"template":"","format":"standard","meta":{"footnotes":""},"categories":[1],"tags":[],"_links":{"self":[{"href":"https:\/\/blog.polityka.pl\/szostkiewicz\/wp-json\/wp\/v2\/posts\/8703"}],"collection":[{"href":"https:\/\/blog.polityka.pl\/szostkiewicz\/wp-json\/wp\/v2\/posts"}],"about":[{"href":"https:\/\/blog.polityka.pl\/szostkiewicz\/wp-json\/wp\/v2\/types\/post"}],"author":[{"embeddable":true,"href":"https:\/\/blog.polityka.pl\/szostkiewicz\/wp-json\/wp\/v2\/users\/3"}],"replies":[{"embeddable":true,"href":"https:\/\/blog.polityka.pl\/szostkiewicz\/wp-json\/wp\/v2\/comments?post=8703"}],"version-history":[{"count":3,"href":"https:\/\/blog.polityka.pl\/szostkiewicz\/wp-json\/wp\/v2\/posts\/8703\/revisions"}],"predecessor-version":[{"id":8714,"href":"https:\/\/blog.polityka.pl\/szostkiewicz\/wp-json\/wp\/v2\/posts\/8703\/revisions\/8714"}],"wp:featuredmedia":[{"embeddable":true,"href":"https:\/\/blog.polityka.pl\/szostkiewicz\/wp-json\/wp\/v2\/media\/8715"}],"wp:attachment":[{"href":"https:\/\/blog.polityka.pl\/szostkiewicz\/wp-json\/wp\/v2\/media?parent=8703"}],"wp:term":[{"taxonomy":"category","embeddable":true,"href":"https:\/\/blog.polityka.pl\/szostkiewicz\/wp-json\/wp\/v2\/categories?post=8703"},{"taxonomy":"post_tag","embeddable":true,"href":"https:\/\/blog.polityka.pl\/szostkiewicz\/wp-json\/wp\/v2\/tags?post=8703"}],"curies":[{"name":"wp","href":"https:\/\/api.w.org\/{rel}","templated":true}]}}