
{"id":8716,"date":"2019-06-11T22:26:28","date_gmt":"2019-06-11T20:26:28","guid":{"rendered":"http:\/\/szostkiewicz.blog.polityka.pl\/?p=8716"},"modified":"2019-06-12T07:13:39","modified_gmt":"2019-06-12T05:13:39","slug":"polska-mlodziez-odchodzi-od-kosciola","status":"publish","type":"post","link":"https:\/\/blog.polityka.pl\/szostkiewicz\/2019\/06\/11\/polska-mlodziez-odchodzi-od-kosciola\/","title":{"rendered":"Polska m\u0142odzie\u017c odchodzi od Ko\u015bcio\u0142a"},"content":{"rendered":"<p>Ju\u017c prawie jedna trzecia m\u0142odych ludzi w wieku gimnazjalnym i licealnym nie chodzi do ko\u015bcio\u0142a i nie uczestniczy w praktykach religijnych &#8211; poda\u0142 CBOS.<br \/>\n<!--more--><br \/>\nTen trend pe\u0142zaj\u0105cej laicyzacji m\u0142odzie\u017cy w Polsce potwierdzaj\u0105 badania katolickiego Instytutu Statystyki Ko\u015bcielnej. Szef Instytutu ks. Wojciech Sad\u0142o\u0144 (rocznik 1986), badacz religijno\u015bci, cz\u0142onek Rady Naukowej G\u0142\u00f3wnego Urz\u0119du Statystycznego (czemu nie?), komentuje sonda\u017c bez zaprzeczania faktom: religijno\u015b\u0107 m\u0142odzie\u017cy podlega g\u0142\u0119bokim zmianom.<\/p>\n<p>Przyznaje, \u017ce spadek aktywno\u015bci religijnej w tej kluczowej dla przysz\u0142o\u015bci Ko\u015bcio\u0142a grupie wiekowej jest mocny: od 1996 r. frekwencja spad\u0142a prawie o po\u0142ow\u0119. A skoro tak, to je\u015bli trend si\u0119 utrzyma, Ko\u015bci\u00f3\u0142 w Polsce za dwie, trzy dekady straci demograficzne zaplecze.<\/p>\n<p>W\u015br\u00f3d przyczyn odchodzenia m\u0142odych od Ko\u015bcio\u0142a (co nie zawsze oznacza, \u017ce te\u017c od wiary) wylicza rosn\u0105cy w\u015br\u00f3d m\u0142odych &#8222;indywidualizm&#8221;: wy\u017cej ceni\u0105 przyja\u017a\u0144 i mi\u0142o\u015b\u0107 ni\u017c \u017cycie rodzinne. Sad\u0142o\u0144 zapewne ma na my\u015bli, \u017ce przestaje dzia\u0142a\u0107 na m\u0142odych presja rodziny, a jej tradycyjny styl \u017cycia, w tym chodzenie do ko\u015bcio\u0142a, przestaje by\u0107 atrakcyjny. Zw\u0142aszcza kiedy przyjad\u0105 na studia lub do pracy do wielkiego miasta albo wyjad\u0105 w \u015bwiat. Jest por\u00f3wnanie, jest wyb\u00f3r.<\/p>\n<p>Naturalnie, jedna trzecia to nie wi\u0119kszo\u015b\u0107. To trend. Jego lustrzanym odbiciem jest grupa m\u0142odzie\u017cy, kt\u00f3ra do ko\u015bcio\u0142a chodzi\u0107 nie przestaje i odnajduje si\u0119, a nawet utwierdza w praktykach religijnych. Tamci odchodz\u0105, ci zostaj\u0105.\u00a0Tyle \u017ce ta m\u0142odzie\u017c, kt\u00f3ra zostaje, podlega wp\u0142ywom obecnego &#8222;kontrkulturowego&#8221; wzmo\u017cenia katolickiego. Sad\u0142o\u0144 nazywa to polaryzacj\u0105 postaw wobec religii.<\/p>\n<p>S\u0119k w tym, \u017ce polaryzacja staje si\u0119 po\u017cywk\u0105 dla katolicyzmu wojuj\u0105cego, uwik\u0142anego w konflikt kulturowy i polityczny, jaki dzi\u015b obserwujemy. To mo\u017ce by\u0107 jednym z powod\u00f3w, dla kt\u00f3rych cz\u0119\u015b\u0107 m\u0142odzie\u017cy w Ko\u015bciele si\u0119 nie odnajduje.<\/p>\n<p>Tych m\u0142odych ludzi Ko\u015bci\u00f3\u0142 nie zatrzyma przy sobie, je\u015bli b\u0119dzie m\u00f3wi\u0142 j\u0119zykiem pi\u0119tnuj\u0105cego wykluczania ze wsp\u00f3lnoty. Wielu z nich prawdopodobnie nie do\u0142\u0105czy do twardych krytyk\u00f3w Ko\u015bcio\u0142a. On im po prostu stanie si\u0119 oboj\u0119tny.<\/p>\n<p>I to, a nie marsze r\u00f3wno\u015bci, jest prawdziwym duszpasterskim wyzwaniem dla episkopatu. Na palcach jednej r\u0119ki da si\u0119 policzy\u0107 biskup\u00f3w, kt\u00f3rzy rozumiej\u0105 powag\u0119 sytuacji.<\/p>\n","protected":false},"excerpt":{"rendered":"<p>Jedna trzecia to nie wi\u0119kszo\u015b\u0107. To trend.<\/p>\n","protected":false},"author":3,"featured_media":8720,"comment_status":"open","ping_status":"closed","sticky":false,"template":"","format":"standard","meta":{"footnotes":""},"categories":[1],"tags":[],"_links":{"self":[{"href":"https:\/\/blog.polityka.pl\/szostkiewicz\/wp-json\/wp\/v2\/posts\/8716"}],"collection":[{"href":"https:\/\/blog.polityka.pl\/szostkiewicz\/wp-json\/wp\/v2\/posts"}],"about":[{"href":"https:\/\/blog.polityka.pl\/szostkiewicz\/wp-json\/wp\/v2\/types\/post"}],"author":[{"embeddable":true,"href":"https:\/\/blog.polityka.pl\/szostkiewicz\/wp-json\/wp\/v2\/users\/3"}],"replies":[{"embeddable":true,"href":"https:\/\/blog.polityka.pl\/szostkiewicz\/wp-json\/wp\/v2\/comments?post=8716"}],"version-history":[{"count":3,"href":"https:\/\/blog.polityka.pl\/szostkiewicz\/wp-json\/wp\/v2\/posts\/8716\/revisions"}],"predecessor-version":[{"id":8719,"href":"https:\/\/blog.polityka.pl\/szostkiewicz\/wp-json\/wp\/v2\/posts\/8716\/revisions\/8719"}],"wp:featuredmedia":[{"embeddable":true,"href":"https:\/\/blog.polityka.pl\/szostkiewicz\/wp-json\/wp\/v2\/media\/8720"}],"wp:attachment":[{"href":"https:\/\/blog.polityka.pl\/szostkiewicz\/wp-json\/wp\/v2\/media?parent=8716"}],"wp:term":[{"taxonomy":"category","embeddable":true,"href":"https:\/\/blog.polityka.pl\/szostkiewicz\/wp-json\/wp\/v2\/categories?post=8716"},{"taxonomy":"post_tag","embeddable":true,"href":"https:\/\/blog.polityka.pl\/szostkiewicz\/wp-json\/wp\/v2\/tags?post=8716"}],"curies":[{"name":"wp","href":"https:\/\/api.w.org\/{rel}","templated":true}]}}