
{"id":8727,"date":"2019-06-14T07:48:39","date_gmt":"2019-06-14T05:48:39","guid":{"rendered":"http:\/\/szostkiewicz.blog.polityka.pl\/?p=8727"},"modified":"2019-06-14T18:39:19","modified_gmt":"2019-06-14T16:39:19","slug":"scicluna-w-polsce-bez-zludzen","status":"publish","type":"post","link":"https:\/\/blog.polityka.pl\/szostkiewicz\/2019\/06\/14\/scicluna-w-polsce-bez-zludzen\/","title":{"rendered":"Scicluna w Polsce: bez z\u0142udze\u0144"},"content":{"rendered":"<p>Ju\u017c jest! W mediach i w Ko\u015bciele poruszenie. A nawet w pa\u0144stwie. Tak na wszelki wypadek.<br \/>\n<!--more--><br \/>\nTu\u017c przed kr\u00f3tk\u0105 wizyt\u0105 papieskiego komisarza do spraw pedofilii w Ko\u015bciele s\u0105d w Poznaniu popar\u0142 prokuratur\u0119 \u017c\u0105daj\u0105c\u0105 od kurii wydania akt ko\u015bcielnych dotycz\u0105cych ksi\u0119dza z Chodzie\u017cy, kt\u00f3ry mia\u0142 molestowa\u0107 ministranta. Kuria gda\u0144ska zakomunikowa\u0142a, \u017ce toczy si\u0119 ko\u015bcielne dochodzenie w pedofilskich sprawach ksi\u0119\u017cy Jankowskiego i Cybuli.<\/p>\n<p>Abp Scicluna otrzyma\u0142 na dzie\u0144 dobry sygna\u0142y, \u017ce z pedofili\u0105 walczy na bie\u017c\u0105co Ko\u015bci\u00f3\u0142 i prokuratura ministra Ziobry. Tylko \u017ce jak na razie kuria pozna\u0144ska (abp. G\u0105deckiego, kt\u00f3ry przecie\u017c przeprasza\u0142 za z\u0142o) odm\u00f3wi\u0142a wydania akt. Najpierw pod pretekstem, \u017ce to &#8222;tajemnica zawodowa&#8221;, p\u00f3\u017aniej &#8211; \u017ce przekaza\u0142a je do Watykanu, czyli do Kongregacji Nauki Wiary, ministerstwa ochrony czysto\u015bci doktryny, w kt\u00f3rym pracuje malta\u0144ski hierarcha.<\/p>\n<p>Nie r\u00f3bmy sobie w zwi\u0105zku z jego wizyt\u0105 wielkich nadziei na jaki\u015b prze\u0142om. Ale nie odbierajmy jej tak\u017ce znaczenia. Wiadomo ju\u017c, \u017ce Scicluna obejrza\u0142 dokument Sekielskich. Jak ten film wp\u0142ynie na przebieg &#8222;szkolenia&#8221; (szkolenia? w czym?)\u00a0polskiego episkopatu, zapewne si\u0119 nie dowiemy, bo b\u0119dzie zamkni\u0119te. Powinni o to zapyta\u0107 dziennikarze na przewidywanej konferencji prasowej arcybiskupa. A nu\u017c co\u015b z niego wycisn\u0105 &#8211; pr\u00f3cz frazes\u00f3w i og\u00f3lnik\u00f3w.<\/p>\n<p>Dociekliwymi pytaniami mog\u0105 zrobi\u0107 Sciclunie przys\u0142ug\u0119: zyska pretekst, by opowiedzie\u0107, czy Franciszek te\u017c obejrza\u0142 film i te\u017c by\u0142 nim wstrz\u0105\u015bni\u0119ty. W idealnym \u015bwiecie 21 biskup\u00f3w ju\u017c dawno temu powinno si\u0119 by\u0142o odda\u0107 do dyspozycji papie\u017ca, tak jak zrobili w ko\u0144cu biskupi chilijscy.<\/p>\n<p>W idealnym \u015bwiecie ju\u017c po sprawie proboszcza z Tylawy, a co dopiero po dokumencie Sekielskich, powinna by\u0142a powsta\u0107 niezale\u017cna od w\u0142adzy ko\u015bcielnej i nacisk\u00f3w polityk\u00f3w komisja \u015bledcza. A w sprawach tuszowania przez hierarch\u00f3w przest\u0119pstw seksualnych ju\u017c od dawna powinny toczy\u0107 si\u0119 ko\u015bcielne dochodzenia.<\/p>\n<p>Ale nie \u017cyjemy w \u015bwiecie idealnym. Tu Chile nie b\u0119dzie. Nie b\u0119dzie rzetelnego niezale\u017cnego raportu, nie b\u0119dzie odszkodowa\u0144. Wiedz\u0105 to polscy biskupi i wie sam Scicluna. Oczyszczenie powinno wyj\u015b\u0107 z Ko\u015bcio\u0142a w Polsce. Od wewn\u0105trz, z do\u0142u. Tak jak w innych Ko\u015bcio\u0142ach, w Niemczech, w Irlandii, w USA, w Australii. Da si\u0119.<\/p>\n<p>Lecz nie u nas. S\u0142ucha\u0142em w czwartek w programie TVN &#8222;Czarno na bia\u0142ym&#8221; Tomasza Polaka z uniwersyteckiej Pracowni Pyta\u0144 Granicznych. M\u00f3wi\u0142 przejmuj\u0105co, \u017ce jego zdaniem nic si\u0119 nie zmieni. A to cz\u0142owiek, kt\u00f3ry zna temat! By\u0142 ksi\u0119dzem w Poznaniu, usi\u0142owa\u0142 prze\u0142ama\u0107 omert\u0119 dotycz\u0105c\u0105 abp. Paetza, w ko\u0144cu dokona\u0142 apostazji. Chyba jako pierwszy ksi\u0105dz w historii Ko\u015bcio\u0142a w Polsce. A wr\u00f3\u017cono mu w nim wielk\u0105 karier\u0119. C\u00f3\u017c, okaza\u0142o si\u0119, \u017ce takich &#8222;sygnalist\u00f3w&#8221; w Ko\u015bciele nie trzeba.<\/p>\n<p>W pi\u0105tek popo\u0142udniu potwierdzi\u0142o si\u0119 podczas spotkania Scicluny z mediami, \u017ce ,,rewolucji&#8221;, a nawet prze\u0142omu czy cho\u0107by ,,braterskiego napomnienia&#8221; papieski specjalny prokurator nie przywi\u00f3z\u0142 do Polski. Ani \u017ce zamierza\u0142. Przyby\u0142 pouczy\u0107, pochwali\u0107, tak\u017ce dokument Sekielskich.\u00a0 przemilcze\u0107 dra\u017cliwe konkrety. Nikt go nie pyta\u0142 cho\u0107by o list\u0119 21 biskup\u00f3w uwik\u0142anych w zmow\u0119 milczenia.<\/p>\n<p>Albo o to, jak ocenia wybranie niekt\u00f3rych biskup\u00f3w z tej listy na r\u00f3\u017cne ko\u015bcielne funkcje urz\u0119dowe (np. abp. Michalika i J\u0119draszewskiego). Tak jakby biskupi uznali, \u017ce nie by\u0142o sprawy Tylawy czy Paetza. Tak jakby to nie przeszkadza\u0142o powierzy\u0107 kolegom nowych obowi\u0105zk\u00f3w, ignoruj\u0105c dyskredytuj\u0105ce fakty. Czyli po wizycie Scicluny mora\u0142 jest taki: interwencji Watykanu w wewn\u0119trzne sprawy Ko\u015bcio\u0142a w Polsce nie b\u0119dzie.<\/p>\n","protected":false},"excerpt":{"rendered":"<p>Ju\u017c jest! W mediach i w Ko\u015bciele poruszenie. A nawet w pa\u0144stwie.<\/p>\n","protected":false},"author":3,"featured_media":8735,"comment_status":"open","ping_status":"closed","sticky":false,"template":"","format":"standard","meta":{"footnotes":""},"categories":[1],"tags":[],"_links":{"self":[{"href":"https:\/\/blog.polityka.pl\/szostkiewicz\/wp-json\/wp\/v2\/posts\/8727"}],"collection":[{"href":"https:\/\/blog.polityka.pl\/szostkiewicz\/wp-json\/wp\/v2\/posts"}],"about":[{"href":"https:\/\/blog.polityka.pl\/szostkiewicz\/wp-json\/wp\/v2\/types\/post"}],"author":[{"embeddable":true,"href":"https:\/\/blog.polityka.pl\/szostkiewicz\/wp-json\/wp\/v2\/users\/3"}],"replies":[{"embeddable":true,"href":"https:\/\/blog.polityka.pl\/szostkiewicz\/wp-json\/wp\/v2\/comments?post=8727"}],"version-history":[{"count":11,"href":"https:\/\/blog.polityka.pl\/szostkiewicz\/wp-json\/wp\/v2\/posts\/8727\/revisions"}],"predecessor-version":[{"id":8740,"href":"https:\/\/blog.polityka.pl\/szostkiewicz\/wp-json\/wp\/v2\/posts\/8727\/revisions\/8740"}],"wp:featuredmedia":[{"embeddable":true,"href":"https:\/\/blog.polityka.pl\/szostkiewicz\/wp-json\/wp\/v2\/media\/8735"}],"wp:attachment":[{"href":"https:\/\/blog.polityka.pl\/szostkiewicz\/wp-json\/wp\/v2\/media?parent=8727"}],"wp:term":[{"taxonomy":"category","embeddable":true,"href":"https:\/\/blog.polityka.pl\/szostkiewicz\/wp-json\/wp\/v2\/categories?post=8727"},{"taxonomy":"post_tag","embeddable":true,"href":"https:\/\/blog.polityka.pl\/szostkiewicz\/wp-json\/wp\/v2\/tags?post=8727"}],"curies":[{"name":"wp","href":"https:\/\/api.w.org\/{rel}","templated":true}]}}