
{"id":8753,"date":"2019-06-18T20:35:19","date_gmt":"2019-06-18T18:35:19","guid":{"rendered":"http:\/\/szostkiewicz.blog.polityka.pl\/?p=8753"},"modified":"2019-06-20T10:57:51","modified_gmt":"2019-06-20T08:57:51","slug":"nowe-centrum-egzorcystow","status":"publish","type":"post","link":"https:\/\/blog.polityka.pl\/szostkiewicz\/2019\/06\/18\/nowe-centrum-egzorcystow\/","title":{"rendered":"Nowe centrum egzorcyst\u00f3w"},"content":{"rendered":"<p>Po kiego diab\u0142a nowe ko\u015bcielne centrum &#8222;kszta\u0142cenia&#8221; egzorcyst\u00f3w? Ano pewno w\u0142a\u015bnie do walki z diab\u0142em. \u017be nowe centrum powstanie w Katowicach, ujawniono z okazji ostatniego posiedzenia episkopatu. Zapowiedzia\u0142 to bp Andrzej Czaja, uchodz\u0105cy za umiarkowanego, a nawet wzorcowego w por\u00f3wnaniu z biskupami sympatyzuj\u0105cymi z prawic\u0105.<br \/>\n<!--more--><br \/>\nBiskup Czaja jest szefem ko\u015bcielnej komisji nauki wiary przy episkopacie. To funkcja kluczowa. Watyka\u0144ska Kongregacja Nauki Wiary jest rodzajem ko\u015bcielnej prokuratury pilnuj\u0105cej doktrynalnej czysto\u015bci przekazu. I dlatego wiadomo\u015b\u0107 o centrum budzi zainteresowanie. Bo brzmi to troch\u0119 tak, jakby episkopat mia\u0142 jakie\u015b uwagi do ko\u015bcielnych egzorcyst\u00f3w i chcia\u0142 ich zdyscyplinowa\u0107.<\/p>\n<p>Zreszt\u0105 nie tylko ich. W komunikacie mowa jest te\u017c o tzw. Katolickim Ruchu Odnowy w Duchu \u015awi\u0119tym. O co chodzi? Domy\u015blamy si\u0119, \u017ce biskupi s\u0105 zaniepokojeni tym, \u017ce niekt\u00f3rzy egzorcy\u015bci i katoliccy animatorzy zbyt energicznie walcz\u0105 z diab\u0142em, &#8222;uwalniaj\u0105&#8221; jego mniemane ofiary i przywracaj\u0105 je do zdrowia psychicznego i duchowego. Bo taki jest zapewne cel zapowiadanych przez Czaj\u0119 &#8222;not&#8221;, kt\u00f3re maj\u0105 regulowa\u0107 ich dzia\u0142alno\u015b\u0107.<\/p>\n<p>Niech reguluj\u0105. Biskup zaznacza, \u017ce &#8222;noty&#8221; to dzie\u0142o m.in. psycholog\u00f3w. Miejmy nadziej\u0119, \u017ce znaj\u0105cych si\u0119 na psychiatrii i zaburzeniach osobowo\u015bci. I \u017ce pomog\u0105 pohamowa\u0107 gorliwe zap\u0119dy niekt\u00f3rych egzorcyst\u00f3w. W internecie znajdziemy bez trudu filmiki z seans\u00f3w wyp\u0119dzania mniemanego diab\u0142a z nieszcz\u0119snych os\u00f3b, kt\u00f3re odda\u0142y si\u0119 w r\u0119ce egzorcyst\u00f3w, zamiast p\u00f3j\u015b\u0107 do psychologa lub psychoterapeuty.<\/p>\n<p>W Polsce ro\u015bnie liczba &#8222;uwalniaczy&#8221; od szatana. To mo\u017cna r\u00f3\u017cnie rozumie\u0107. Pomi\u0144my interpretacje mistyczne. Ciekawe, \u017ce jest takie zapotrzebowanie w katolickim spo\u0142ecze\u0144stwie. I \u017ce katolicy w Polsce t\u0142umnie chodz\u0105 na imprezy z duchownymi z kraj\u00f3w Afryki i Azji, kt\u00f3rzy rzekomo wyp\u0119dzaj\u0105 z\u0142e duchy, a nawet wskrzeszaj\u0105 zmar\u0142ych. Biskupi strzeg\u0105cy czysto\u015bci doktryny powinni na te herezje reagowa\u0107. Ale go\u015bcie z dalekich kraj\u00f3w s\u0105 nadal ch\u0119tnie bukowani. To co\u015b m\u00f3wi o polskiej religijno\u015bci.<\/p>\n<p>Ale chyba nic buduj\u0105cego. Biskupi chc\u0105 kontrolowa\u0107 egzorcyst\u00f3w. S\u0142usznie. Ale inne od\u015brodkowe, antysystemowe ruchy w Ko\u015bciele zagra\u017caj\u0105 mu bardziej. Na czele z sekciarstwem politycznym.<\/p>\n","protected":false},"excerpt":{"rendered":"<p>Biskupi chc\u0105 kontrolowa\u0107 egzorcyst\u00f3w. S\u0142usznie.<\/p>\n","protected":false},"author":3,"featured_media":8757,"comment_status":"open","ping_status":"closed","sticky":false,"template":"","format":"standard","meta":{"footnotes":""},"categories":[1],"tags":[],"_links":{"self":[{"href":"https:\/\/blog.polityka.pl\/szostkiewicz\/wp-json\/wp\/v2\/posts\/8753"}],"collection":[{"href":"https:\/\/blog.polityka.pl\/szostkiewicz\/wp-json\/wp\/v2\/posts"}],"about":[{"href":"https:\/\/blog.polityka.pl\/szostkiewicz\/wp-json\/wp\/v2\/types\/post"}],"author":[{"embeddable":true,"href":"https:\/\/blog.polityka.pl\/szostkiewicz\/wp-json\/wp\/v2\/users\/3"}],"replies":[{"embeddable":true,"href":"https:\/\/blog.polityka.pl\/szostkiewicz\/wp-json\/wp\/v2\/comments?post=8753"}],"version-history":[{"count":7,"href":"https:\/\/blog.polityka.pl\/szostkiewicz\/wp-json\/wp\/v2\/posts\/8753\/revisions"}],"predecessor-version":[{"id":8767,"href":"https:\/\/blog.polityka.pl\/szostkiewicz\/wp-json\/wp\/v2\/posts\/8753\/revisions\/8767"}],"wp:featuredmedia":[{"embeddable":true,"href":"https:\/\/blog.polityka.pl\/szostkiewicz\/wp-json\/wp\/v2\/media\/8757"}],"wp:attachment":[{"href":"https:\/\/blog.polityka.pl\/szostkiewicz\/wp-json\/wp\/v2\/media?parent=8753"}],"wp:term":[{"taxonomy":"category","embeddable":true,"href":"https:\/\/blog.polityka.pl\/szostkiewicz\/wp-json\/wp\/v2\/categories?post=8753"},{"taxonomy":"post_tag","embeddable":true,"href":"https:\/\/blog.polityka.pl\/szostkiewicz\/wp-json\/wp\/v2\/tags?post=8753"}],"curies":[{"name":"wp","href":"https:\/\/api.w.org\/{rel}","templated":true}]}}