
{"id":8769,"date":"2019-06-21T00:29:20","date_gmt":"2019-06-20T22:29:20","guid":{"rendered":"http:\/\/szostkiewicz.blog.polityka.pl\/?p=8769"},"modified":"2019-06-21T07:23:42","modified_gmt":"2019-06-21T05:23:42","slug":"kosciol-i-pis-wygrywa-na-lgbt","status":"publish","type":"post","link":"https:\/\/blog.polityka.pl\/szostkiewicz\/2019\/06\/21\/kosciol-i-pis-wygrywa-na-lgbt\/","title":{"rendered":"Ko\u015bci\u00f3\u0142 i PiS wygrywa na LGBT"},"content":{"rendered":"<p>Trwa ofensywa Ko\u015bcio\u0142a przeciwko marszom r\u00f3wno\u015bci w obronie LGBT. W Bo\u017ce Cia\u0142o abp J\u0119draszewski zaatakowa\u0142 w Krakowie &#8211; gdzie niedawno marsz r\u00f3wno\u015bci zgromadzi\u0142 tysi\u0105ce ludzi &#8211; Kart\u0119 LGBT podpisan\u0105 przez prezydenta Warszawy Rafa\u0142a Trzaskowskiego i instrukcje \u015awiatowej Organizacji Zdrowia ONZ dotycz\u0105ce edukacji m\u0142odych ludzi o \u017cyciu seksualnym. Oba dokumenty nazwa\u0142 publicznie &#8222;programami deprawacji&#8221;.<br \/>\n<!--more--><br \/>\nZarzuty wytaczane przeciwko nim by\u0142y sto razy prostowane. Wskazywano, \u017ce wynikaj\u0105 albo z ignorancji, albo z uprzedze\u0144 ideologicznych. Hierarcha o tym wie, lecz wie tak\u017ce, \u017ce &#8222;ciemny lud&#8221; te k\u0142amstwa i oszczerstwa gotowy jest uzna\u0107 za prawd\u0119 i przyklasn\u0105\u0107. I tak Ko\u015bci\u00f3\u0142 znalaz\u0142 spos\u00f3b na przykrycie filmu braci Sekielskich. Ju\u017c nie jest na cenzurowanym, sam wystawia cenzurki. Z g\u0142\u0119bokiej defensywy przeszed\u0142 do frontalnego ataku.<\/p>\n<p>I to dzia\u0142a. Sonda\u017cownia CBOS w\u0142a\u015bnie og\u0142osi\u0142a, \u017ce w por\u00f3wnaniu z majem procent pozytywnych opinii o Ko\u015bciele wzr\u00f3s\u0142 z 48 do 53. Wynik majowy by\u0142 najgorszy od 1995 r. A to w maju wystartowa\u0142 na YouTubie dokument Sekielskich o pedofilii w Ko\u015bciele. Pokazuje on dzia\u0142anie ko\u015bcielnego systemu tuszowania tych przest\u0119pstw. To jest prawdziwe z\u0142o, nieprawo\u015b\u0107, grzech. A zaprzeczanie temu i rozwadnianie jest fa\u0142szyw\u0105 narracj\u0105, fake newsami. Nie urojone &#8222;programy deprawacji&#8221;, tylko system omerty powinien martwi\u0107 w\u0142adz\u0119 ko\u015bcieln\u0105.<\/p>\n<p>Rz\u0105dz\u0105ca prawica idzie tym samym tropem: demonizuje LGBT, aby ludzie nie zajmowali si\u0119 jej problemami. Spo\u0142eczno\u015b\u0107 LGBT to u\u0142amek spo\u0142ecze\u0144stwa. Ale okazuje si\u0119, \u017ce mo\u017cna ni\u0105 straszy\u0107, jak wcze\u015bniej uchod\u017acami. I przypisywa\u0107 jej jakie\u015b &#8222;ideologie&#8221;, zamyka\u0107 przed nimi miasto i nagradza\u0107 za walk\u0119 z nimi.<\/p>\n<p>Abp J\u0119draszewski u\u017cy\u0142 jeszcze jednego argumentu. Pot\u0119pi\u0142 atak na ksi\u0119dza we Wroc\u0142awiu, zniszczenie o\u0142tarza w Rypinie, &#8222;msz\u0119&#8221; na marszu r\u00f3wno\u015bci w Warszawie, ikon\u0119 &#8222;t\u0119czochowsk\u0105&#8221;. Gorzej: w tym kontek\u015bcie przypomnia\u0142 morderstwo ks. Popie\u0142uszki. Czyli da\u0142 do zrozumienia, \u017ce obecna ostra krytyka Ko\u015bcio\u0142a za ukrywanie pedofilii i odrzucanie praw kobiet i spo\u0142eczno\u015bci LGBT jest tym samym co ataki na kapelana Solidarno\u015bci w stanie wojennym. Chwyt nie do przyj\u0119cia, ale nikt w Ko\u015bciele nie protestuje.<\/p>\n<p>Wszystko razem s\u0142u\u017cy\u0142o duchownemu do tworzenia atmosfery zagro\u017cenia ze strony LGBT. Ale mowy nienawi\u015bci i pogr\u00f3\u017cek ze strony prawicy wymierzonych w t\u0119 spo\u0142eczno\u015b\u0107 nie pot\u0119pi\u0142. Tak samo dzia\u0142a dzi\u015b propaganda PiS. P\u00f3ki straszenie dzia\u0142a, b\u0119d\u0105 straszy\u0107, k\u0142ama\u0107 i znies\u0142awia\u0107.<\/p>\n","protected":false},"excerpt":{"rendered":"<p>P\u00f3ki straszenie dzia\u0142a, b\u0119d\u0105 straszy\u0107, k\u0142ama\u0107 i znies\u0142awia\u0107.<\/p>\n","protected":false},"author":3,"featured_media":8773,"comment_status":"open","ping_status":"closed","sticky":false,"template":"","format":"standard","meta":{"footnotes":""},"categories":[1],"tags":[],"_links":{"self":[{"href":"https:\/\/blog.polityka.pl\/szostkiewicz\/wp-json\/wp\/v2\/posts\/8769"}],"collection":[{"href":"https:\/\/blog.polityka.pl\/szostkiewicz\/wp-json\/wp\/v2\/posts"}],"about":[{"href":"https:\/\/blog.polityka.pl\/szostkiewicz\/wp-json\/wp\/v2\/types\/post"}],"author":[{"embeddable":true,"href":"https:\/\/blog.polityka.pl\/szostkiewicz\/wp-json\/wp\/v2\/users\/3"}],"replies":[{"embeddable":true,"href":"https:\/\/blog.polityka.pl\/szostkiewicz\/wp-json\/wp\/v2\/comments?post=8769"}],"version-history":[{"count":3,"href":"https:\/\/blog.polityka.pl\/szostkiewicz\/wp-json\/wp\/v2\/posts\/8769\/revisions"}],"predecessor-version":[{"id":8772,"href":"https:\/\/blog.polityka.pl\/szostkiewicz\/wp-json\/wp\/v2\/posts\/8769\/revisions\/8772"}],"wp:featuredmedia":[{"embeddable":true,"href":"https:\/\/blog.polityka.pl\/szostkiewicz\/wp-json\/wp\/v2\/media\/8773"}],"wp:attachment":[{"href":"https:\/\/blog.polityka.pl\/szostkiewicz\/wp-json\/wp\/v2\/media?parent=8769"}],"wp:term":[{"taxonomy":"category","embeddable":true,"href":"https:\/\/blog.polityka.pl\/szostkiewicz\/wp-json\/wp\/v2\/categories?post=8769"},{"taxonomy":"post_tag","embeddable":true,"href":"https:\/\/blog.polityka.pl\/szostkiewicz\/wp-json\/wp\/v2\/tags?post=8769"}],"curies":[{"name":"wp","href":"https:\/\/api.w.org\/{rel}","templated":true}]}}