
{"id":8784,"date":"2019-06-23T13:27:55","date_gmt":"2019-06-23T11:27:55","guid":{"rendered":"http:\/\/szostkiewicz.blog.polityka.pl\/?p=8784"},"modified":"2019-06-24T09:41:26","modified_gmt":"2019-06-24T07:41:26","slug":"ekskomunika-za-powtorny-chrzest","status":"publish","type":"post","link":"https:\/\/blog.polityka.pl\/szostkiewicz\/2019\/06\/23\/ekskomunika-za-powtorny-chrzest\/","title":{"rendered":"Ekskomunika za powt\u00f3rny chrzest"},"content":{"rendered":"<p>Sprawa ks. Micha\u0142a Misiaka nie pomo\u017ce odbudowa\u0107 wiarygodno\u015bci Ko\u015bcio\u0142a. Kuria \u0142\u00f3dzka wyda\u0142a komunikat, \u017ce ksi\u0105dz zosta\u0142 ekskomunikowany moc\u0105 prawa ko\u015bcielnego. I jak zwykle w takich trudnych dla Ko\u015bcio\u0142a sprawach, kiedy trzeba wydali\u0107 ze wsp\u00f3lnoty kogo\u015b znanego i popularnego, komunikat nie wyja\u015bnia, za jakie grzechy ta najsurowsza ko\u015bcielna kara spotka\u0142a duchownego.<br \/>\n<!--more--><br \/>\nWszystko sta\u0142o si\u0119 ju\u017c za w\u0142adztwa abp. Grzegorza Rysia. Gdy obj\u0105\u0142 diecezj\u0119 \u0142\u00f3dzk\u0105 po abp. J\u0119draszewskim, by\u0142 witany jako powiew nadziei. Ale ekskomunika rzuca zn\u00f3w jaki\u015b cie\u0144 na Ko\u015bci\u00f3\u0142 \u0142\u00f3dzki. Co strasznego zrobi\u0142 ks. Misiak? Poniewa\u017c komunikat o tym nie m\u00f3wi, w internecie huczy od spekulacji.<\/p>\n<p>Najcz\u0119\u015bciej jako pow\u00f3d wymienia si\u0119 to, \u017ce duchowny przyj\u0105\u0142 chrzest w jakiej\u015b wsp\u00f3lnocie protestanckiej w Jerozolimie. A poniewa\u017c by\u0142 ju\u017c ochrzczony w Ko\u015bciele rzymskim, to &#8222;z automatu&#8221; musia\u0142 z niego wylecie\u0107. Bo dwa razy katolik chrzci\u0107 si\u0119 nie mo\u017ce. I tyle.<\/p>\n<p>A jednak sprawa ks. Misiaka to nie jest tylko kwestia prawa ko\u015bcielnego. Ma szersz\u0105 wymow\u0119, pokazuje, jak dzia\u0142a ko\u015bcielna machina. Jak szybko miel\u0105 m\u0142yny ko\u015bcielne w sprawach schizmy czy herezji, a jak przygn\u0119biaj\u0105co powoli w innych.<\/p>\n<p>Reakcja w\u0142adz ko\u015bcielnych w sprawie ks. Misiaka przysz\u0142a szybko. Reakcje na sprawy ksi\u0119\u017cy, kt\u00f3rzy maj\u0105 na sumieniu przest\u0119pstwa pedofilskie, rodz\u0105 si\u0119 w d\u0142ugich b\u00f3lach, cho\u0107 z\u0142o jest tu oczywiste. Ksi\u0105dz krzywdziciel nierzadko zachowuje swoje prawa kap\u0142a\u0144skie pod pewnymi warunkami. Misiaka pozbawiono ich natychmiast i ca\u0142kowicie. Czy mamy rozumie\u0107, \u017ce pedofilia obra\u017ca Boga i Ko\u015bci\u00f3\u0142 mniej ni\u017c powt\u00f3rny chrzest katolika w innej chrze\u015bcija\u0144skiej wsp\u00f3lnocie?<\/p>\n<p>A co z przypadkiem ksi\u0119dza nacjonalisty, kt\u00f3ry porzuci\u0142 kap\u0142a\u0144stwo, by swobodnie szerzy\u0107 nienawi\u015b\u0107 do innych? Jego sprawa \u015blamazarzy\u0142a si\u0119 i nie mog\u0142a doczeka\u0107 fina\u0142u, cho\u0107 by\u0142a oczywi\u015bcie sprzeczna z przes\u0142aniem ewangelicznym. Nie znamy i mo\u017ce nigdy nie poznamy g\u0142\u0119bszych powod\u00f3w, dla kt\u00f3rych Micha\u0142 Misiak znalaz\u0142 dla siebie miejsce poza Ko\u015bcio\u0142em katolickim. Ale ju\u017c rozkr\u0119ca si\u0119 akcja, aby modli\u0107 si\u0119 za jego powr\u00f3t do Ko\u015bcio\u0142a.<\/p>\n<p>A przecie\u017c powody mog\u0142y by\u0107 godne, sprawiedliwe, pobo\u017cne. W Polsce stara\u0142 si\u0119 by\u0107 duszpasterzem w stylu papie\u017ca Franciszka. Wychodzi\u0142, nieraz dos\u0142ownie, z parafii do ludzi, tak\u017ce \u017cyj\u0105cych na marginesie spo\u0142ecze\u0144stwa. Do Jerozolimy Misiak pojecha\u0142 za zgod\u0105 abp. Rysia. Mo\u017ce to do\u015bwiadczenie pracy w\u015br\u00f3d ludzi wielu wiar i wyzna\u0144 kaza\u0142o mu zredefiniowa\u0107 swoje rozumienie chrze\u015bcija\u0144stwa i kap\u0142a\u0144stwa?<\/p>\n<p>Mo\u017ce poczu\u0142 si\u0119 lepiej w nowej wsp\u00f3lnocie i wcale nie trzeba si\u0119 modli\u0107 za jego powr\u00f3t do Ko\u015bcio\u0142a, z kt\u00f3rego odszed\u0142, tylko uszanowa\u0107 jego decyzj\u0119.<\/p>\n","protected":false},"excerpt":{"rendered":"<p>Co strasznego zrobi\u0142 ks. Misiak?<\/p>\n","protected":false},"author":3,"featured_media":8788,"comment_status":"open","ping_status":"closed","sticky":false,"template":"","format":"standard","meta":{"footnotes":""},"categories":[1],"tags":[],"_links":{"self":[{"href":"https:\/\/blog.polityka.pl\/szostkiewicz\/wp-json\/wp\/v2\/posts\/8784"}],"collection":[{"href":"https:\/\/blog.polityka.pl\/szostkiewicz\/wp-json\/wp\/v2\/posts"}],"about":[{"href":"https:\/\/blog.polityka.pl\/szostkiewicz\/wp-json\/wp\/v2\/types\/post"}],"author":[{"embeddable":true,"href":"https:\/\/blog.polityka.pl\/szostkiewicz\/wp-json\/wp\/v2\/users\/3"}],"replies":[{"embeddable":true,"href":"https:\/\/blog.polityka.pl\/szostkiewicz\/wp-json\/wp\/v2\/comments?post=8784"}],"version-history":[{"count":5,"href":"https:\/\/blog.polityka.pl\/szostkiewicz\/wp-json\/wp\/v2\/posts\/8784\/revisions"}],"predecessor-version":[{"id":8790,"href":"https:\/\/blog.polityka.pl\/szostkiewicz\/wp-json\/wp\/v2\/posts\/8784\/revisions\/8790"}],"wp:featuredmedia":[{"embeddable":true,"href":"https:\/\/blog.polityka.pl\/szostkiewicz\/wp-json\/wp\/v2\/media\/8788"}],"wp:attachment":[{"href":"https:\/\/blog.polityka.pl\/szostkiewicz\/wp-json\/wp\/v2\/media?parent=8784"}],"wp:term":[{"taxonomy":"category","embeddable":true,"href":"https:\/\/blog.polityka.pl\/szostkiewicz\/wp-json\/wp\/v2\/categories?post=8784"},{"taxonomy":"post_tag","embeddable":true,"href":"https:\/\/blog.polityka.pl\/szostkiewicz\/wp-json\/wp\/v2\/tags?post=8784"}],"curies":[{"name":"wp","href":"https:\/\/api.w.org\/{rel}","templated":true}]}}