
{"id":8792,"date":"2019-06-25T18:12:07","date_gmt":"2019-06-25T16:12:07","guid":{"rendered":"http:\/\/szostkiewicz.blog.polityka.pl\/?p=8792"},"modified":"2019-06-25T20:17:34","modified_gmt":"2019-06-25T18:17:34","slug":"frekwencja-kochani","status":"publish","type":"post","link":"https:\/\/blog.polityka.pl\/szostkiewicz\/2019\/06\/25\/frekwencja-kochani\/","title":{"rendered":"Frekwencja, kochani!"},"content":{"rendered":"<p>Jest nadzieja. Lider PO Grzegorz Schetyna zapowiada, \u017ce rusza w Polsk\u0119, aby rozmawia\u0107 z wyborcami. Platforma ma przedstawi\u0107 sw\u00f3j program wyborczy ju\u017c w lipcu. Z has\u0142ami dotycz\u0105cymi obrony samorz\u0105dno\u015bci, ratowania systemu edukacji i publicznej s\u0142u\u017cby zdrowia.<br \/>\n<!--more--><br \/>\nTo has\u0142a pozytywne, nie tylko (sk\u0105din\u0105d niezb\u0119dna) mantra &#8222;anty-PiS&#8221;. Miejmy nadziej\u0119, \u017ce b\u0119dzie jeszcze o walce z globalnym ociepleniem, o prawach kobiet i mniejszo\u015bci LGBT. Czy je\u017cd\u017cenie po Polsce plus te has\u0142a wystarcz\u0105, aby wygra\u0107 wybory? Bez mobilizacji elektoratu na pewno si\u0119 ich nie wygra.<\/p>\n<p>Jest \u015bwie\u017cy przyk\u0142ad. Ze Stambu\u0142u. Tam w wyborach mera zwyci\u0119\u017cy\u0142 kandydat opozycji. Erdo\u011fan, turecki odpowiednik Orb\u00e1na i Kaczy\u0144skiego, uniewa\u017cni\u0142 wybory. Dosz\u0142o do powt\u00f3rki. Tym razem kandydat koalicyjnej opozycji wygra\u0142 z du\u017co wi\u0119ksz\u0105 przewag\u0105, bo oko\u0142o miliona wyborc\u00f3w (g\u0142osowa\u0142o prawie 9 mln) tak si\u0119 wkurzy\u0142o, \u017ce przerzucili g\u0142osy na niego, aby pokaza\u0107 rz\u0105dz\u0105cej ekipie czerwon\u0105 kartk\u0119. Nie tylko to. Frekwencja si\u0119gn\u0119\u0142a niemal 85 proc.! Ludzie zmieniali terminy wyjazdu na wakacje, by tylko odda\u0107 g\u0142os.<\/p>\n<p>Polityczny mora\u0142 jest prosty: p\u00f3ki si\u0119 da, politycy opozycji powinni korzysta\u0107 z mechanizmu demokratycznego. Zagl\u0105da\u0107 w ka\u017cdy zak\u0105tek kraju, nawet je\u015bli mog\u0105 tam nie by\u0107 mile widziani. Sam fakt, \u017ce si\u0119 pokazuj\u0105, a nie unikaj\u0105 konfrontacji, dzia\u0142a na ich korzy\u015b\u0107. Ludzie czuj\u0105 si\u0119 traktowani jak obywatele, a nie jak mi\u0119so wyborcze.<\/p>\n<p>U nas zjednoczona opozycja ma podobne szanse pod tymi samymi warunkami. Z ma\u0142\u0105 pomoc\u0105 obecnej w\u0142adzy, kt\u00f3ra ze zdenerwowania mo\u017ce pope\u0142ni\u0107 podobny &#8222;stambulski&#8221; b\u0142\u0105d, zdradzaj\u0105c swoje autorytarne zap\u0119dy.<\/p>\n<p>Wbrew pisowskiej propagandzie nastroje spo\u0142eczne nie s\u0105 tak stabilne, jak wmawia ludziom TVP. S\u0105 p\u0142ynne.<\/p>\n<p>Serwis Ciekawe liczby opublikowa\u0142 wyniki badania na temat tego, jak Polacy postrzegaj\u0105 obecn\u0105 sytuacj\u0119 spo\u0142eczno-ekonomiczn\u0105. &#8222;Wi\u0119kszo\u015b\u0107 Polak\u00f3w (87%) ma poczucie, \u017ce koszty \u017cycia w Polsce w ci\u0105gu ostatniego roku wzros\u0142y. Ponadto wi\u0119kszo\u015b\u0107 (71%) jest zdania, \u017ce polski rz\u0105d obecnie wydaje za du\u017co i niepotrzebnie zad\u0142u\u017ca Polsk\u0119. 51% uwa\u017ca, \u017ce rz\u0105d powinien redukowa\u0107 zad\u0142u\u017cenie i zmniejsza\u0107 wydatki socjalne typu 500 plus, wyprawka plus czy dodatkowa emerytura&#8221; \u2013 tak wynika z badania przeprowadzonego dla serwisu Ciekaweliczby.pl na panelu Ariadna.<\/p>\n<p>To rzeczywi\u015bcie ciekawe, bo okazuje si\u0119, \u017ce propaganda rz\u0105dowa zaczyna si\u0119 zacina\u0107. Opozycja zyskuje dzi\u0119ki temu nowe paliwo wyborcze.\u00a0Na dodatek tak\u017ce u s\u0105siad\u00f3w w S\u0142owacji i Czechach prawica jest w defensywie. Wielotysi\u0119czne czeskie demonstracje przeciwko rz\u0105dowi Babisza pokazuj\u0105, \u017ce sprzeciw wobec autorytaryzmu i korupcji polityk\u00f3w rz\u0105dz\u0105cych narasta nie tylko u nas.<\/p>\n","protected":false},"excerpt":{"rendered":"<p>Wbrew pisowskiej propagandzie nastroje spo\u0142eczne nie s\u0105 tak stabilne, jak wmawia ludziom TVP.<\/p>\n","protected":false},"author":3,"featured_media":8798,"comment_status":"open","ping_status":"closed","sticky":false,"template":"","format":"standard","meta":{"footnotes":""},"categories":[1],"tags":[],"_links":{"self":[{"href":"https:\/\/blog.polityka.pl\/szostkiewicz\/wp-json\/wp\/v2\/posts\/8792"}],"collection":[{"href":"https:\/\/blog.polityka.pl\/szostkiewicz\/wp-json\/wp\/v2\/posts"}],"about":[{"href":"https:\/\/blog.polityka.pl\/szostkiewicz\/wp-json\/wp\/v2\/types\/post"}],"author":[{"embeddable":true,"href":"https:\/\/blog.polityka.pl\/szostkiewicz\/wp-json\/wp\/v2\/users\/3"}],"replies":[{"embeddable":true,"href":"https:\/\/blog.polityka.pl\/szostkiewicz\/wp-json\/wp\/v2\/comments?post=8792"}],"version-history":[{"count":4,"href":"https:\/\/blog.polityka.pl\/szostkiewicz\/wp-json\/wp\/v2\/posts\/8792\/revisions"}],"predecessor-version":[{"id":8797,"href":"https:\/\/blog.polityka.pl\/szostkiewicz\/wp-json\/wp\/v2\/posts\/8792\/revisions\/8797"}],"wp:featuredmedia":[{"embeddable":true,"href":"https:\/\/blog.polityka.pl\/szostkiewicz\/wp-json\/wp\/v2\/media\/8798"}],"wp:attachment":[{"href":"https:\/\/blog.polityka.pl\/szostkiewicz\/wp-json\/wp\/v2\/media?parent=8792"}],"wp:term":[{"taxonomy":"category","embeddable":true,"href":"https:\/\/blog.polityka.pl\/szostkiewicz\/wp-json\/wp\/v2\/categories?post=8792"},{"taxonomy":"post_tag","embeddable":true,"href":"https:\/\/blog.polityka.pl\/szostkiewicz\/wp-json\/wp\/v2\/tags?post=8792"}],"curies":[{"name":"wp","href":"https:\/\/api.w.org\/{rel}","templated":true}]}}