
{"id":8800,"date":"2019-06-27T23:17:41","date_gmt":"2019-06-27T21:17:41","guid":{"rendered":"http:\/\/szostkiewicz.blog.polityka.pl\/?p=8800"},"modified":"2019-06-28T08:35:26","modified_gmt":"2019-06-28T06:35:26","slug":"media-opcja-zero","status":"publish","type":"post","link":"https:\/\/blog.polityka.pl\/szostkiewicz\/2019\/06\/27\/media-opcja-zero\/","title":{"rendered":"Media: opcja zero"},"content":{"rendered":"<p>Na razie to gruszki na wierzbie, ale jakie dorodne. Platforma Obywatelska chce zbudowa\u0107 media publiczne ca\u0142kowicie od nowa. Musi wygra\u0107 wybory, by to zrobi\u0107. A je\u015bli wygra, to mo\u017ce mie\u0107 wi\u0119ksze problemy do rozwi\u0105zania. Ale pomys\u0142 wydaje si\u0119 zdrowy.<br \/>\n<!--more--><br \/>\nS\u0105 u nas dwa mity na temat telewizji. Jeden &#8211; \u017ce jej si\u0142a s\u0142abnie, a w m\u0142odszym pokoleniu ogl\u0105danie TV to obciach. Drugi &#8211; \u017ce kto ma telewizj\u0119, ten ma w\u0142adz\u0119.<\/p>\n<p>W rzeczywisto\u015bci telewizja wci\u0105\u017c ma wp\u0142yw na miliony ludzi. Inaczej PiS odpu\u015bci\u0142by media publiczne. Ten wp\u0142yw nie jest jednak przemo\u017cny. Ludzie szukaj\u0105 alternatywy. Jedni znajduj\u0105 j\u0105 w internecie, drudzy w TVN. Wielu skacze po kana\u0142ach informacyjnych w przekonaniu, \u017ce prawd\u0119 da si\u0119 jako\u015b wypo\u015brodkowa\u0107. Polityczna kontrola medi\u00f3w nie musi si\u0119 przek\u0142ada\u0107 na wynik wybor\u00f3w. Czasem mo\u017ce mu zaszkodzi\u0107, gdy w\u0142adza przegnie, jak dzieje si\u0119 to dzi\u015b w TVPiS.<\/p>\n<p>Niezale\u017cna od w\u0142adzy telewizja publiczna to jest dobra rzecz. Dlatego mimo proroctw o \u015bmierci TV wci\u0105\u017c potrafi ona by\u0107 atrakcyjna, edukacyjna, kulturalna, a nawet nowatorska (seriale BBC!) i zachowuje widowni\u0119. M\u0105dre kraje troszcz\u0105 si\u0119 o media publiczne. Nawet w USA dzia\u0142aj\u0105 publiczna telewizja (PBS) i publiczne radio (NPR), na wysokim poziomie.<\/p>\n<p>Gdyby Platformie czy jakiej\u015b innej sile politycznej uda\u0142o si\u0119 kiedy\u015b j\u0105 zbudowa\u0107, by\u0142by z tego po\u017cytek spo\u0142eczny. By\u0142by to niemal cud, bo projekt Platformy w wersji cytowanej w czwartkowej &#8222;GW&#8221; oznacza jej ca\u0142kowite odpolitycznienie, a wi\u0119c pozbawienie polityk\u00f3w w\u0142adzy nad mediami publicznymi. Czyli partia polityczna dobrowolnie pozbawi\u0142aby si\u0119 narz\u0119dzia politycznego oddzia\u0142ywania.<\/p>\n<p>Od 1989 r. nigdy si\u0119 to \u017cadnej &#8222;grupie trzymaj\u0105cej w\u0142adz\u0119&#8221; nie uda\u0142o. Pokusa zbudowana z mitu drugiego by\u0142a za silna. Tymczasem warunkiem zdrowia medi\u00f3w publicznych jest brak r\u0119cznego sterowania nimi przez polityk\u00f3w.<\/p>\n<p>A co z drugim warunkiem niezale\u017cno\u015bci medi\u00f3w publicznych? Jak mia\u0142yby by\u0107 finansowane? Platforma proponuje likwidacj\u0119 abonamentu i finansowanie z dotacji bud\u017cetowej wynosz\u0105cej 1-2 mld z\u0142. Tylko to nie wystarczy, bo bud\u017cet uchwala parlament, czyli zn\u00f3w jest pole do manipulacji i nacisku o charakterze politycznym. Wyj\u015bciem by\u0142aby mo\u017ce odr\u0119bna ustawa, rodzaj karty &#8222;kr\u00f3lewskiej&#8221;, gwarantuj\u0105cej niezale\u017cne finansowanie medi\u00f3w politycznych, niezale\u017cnie od tego, kto rz\u0105dzi.<\/p>\n<p>&#8222;Opcja zero&#8221; w mediach publicznych pojawia si\u0119 jako has\u0142o w momencie, gdy dygnitarze PiS wracaj\u0105 do has\u0142a &#8222;repolonizacji&#8221; medi\u00f3w. Mo\u017ce zbie\u017cno\u015b\u0107 jest nieprzypadkowa. &#8222;Repolonizacja&#8221; uderzy\u0142aby g\u0142\u00f3wnie w pras\u0119 regionaln\u0105, ale te\u017c w og\u00f3lnokrajow\u0105. To czysty populizm, bo jakie\u015b si\u0142owe dzia\u0142ania w\u0142adzy wymierzone w zagraniczny kapita\u0142 \u2013 i szerzej, w media poza kontrol\u0105 w\u0142adzy &#8211; wtr\u0105ci\u0142yby Polsk\u0119 w izolacj\u0119 ekonomiczn\u0105 i polityczn\u0105 w \u015bwiecie zachodnim.<\/p>\n","protected":false},"excerpt":{"rendered":"<p>Na razie to gruszki na wierzbie, ale jakie dorodne.<\/p>\n","protected":false},"author":3,"featured_media":8808,"comment_status":"open","ping_status":"closed","sticky":false,"template":"","format":"standard","meta":{"footnotes":""},"categories":[1],"tags":[],"_links":{"self":[{"href":"https:\/\/blog.polityka.pl\/szostkiewicz\/wp-json\/wp\/v2\/posts\/8800"}],"collection":[{"href":"https:\/\/blog.polityka.pl\/szostkiewicz\/wp-json\/wp\/v2\/posts"}],"about":[{"href":"https:\/\/blog.polityka.pl\/szostkiewicz\/wp-json\/wp\/v2\/types\/post"}],"author":[{"embeddable":true,"href":"https:\/\/blog.polityka.pl\/szostkiewicz\/wp-json\/wp\/v2\/users\/3"}],"replies":[{"embeddable":true,"href":"https:\/\/blog.polityka.pl\/szostkiewicz\/wp-json\/wp\/v2\/comments?post=8800"}],"version-history":[{"count":6,"href":"https:\/\/blog.polityka.pl\/szostkiewicz\/wp-json\/wp\/v2\/posts\/8800\/revisions"}],"predecessor-version":[{"id":8807,"href":"https:\/\/blog.polityka.pl\/szostkiewicz\/wp-json\/wp\/v2\/posts\/8800\/revisions\/8807"}],"wp:featuredmedia":[{"embeddable":true,"href":"https:\/\/blog.polityka.pl\/szostkiewicz\/wp-json\/wp\/v2\/media\/8808"}],"wp:attachment":[{"href":"https:\/\/blog.polityka.pl\/szostkiewicz\/wp-json\/wp\/v2\/media?parent=8800"}],"wp:term":[{"taxonomy":"category","embeddable":true,"href":"https:\/\/blog.polityka.pl\/szostkiewicz\/wp-json\/wp\/v2\/categories?post=8800"},{"taxonomy":"post_tag","embeddable":true,"href":"https:\/\/blog.polityka.pl\/szostkiewicz\/wp-json\/wp\/v2\/tags?post=8800"}],"curies":[{"name":"wp","href":"https:\/\/api.w.org\/{rel}","templated":true}]}}