
{"id":8809,"date":"2019-06-29T18:46:42","date_gmt":"2019-06-29T16:46:42","guid":{"rendered":"http:\/\/szostkiewicz.blog.polityka.pl\/?p=8809"},"modified":"2019-06-29T21:18:18","modified_gmt":"2019-06-29T19:18:18","slug":"biedron-nabiera-rozumu-politycznego","status":"publish","type":"post","link":"https:\/\/blog.polityka.pl\/szostkiewicz\/2019\/06\/29\/biedron-nabiera-rozumu-politycznego\/","title":{"rendered":"Biedro\u0144 nabiera rozumu politycznego"},"content":{"rendered":"<p>Lider Wiosny zapowiada, \u017ce ma zgod\u0119 na rozmowy z Koalicj\u0105 Obywatelsk\u0105 (Europejsk\u0105) o wsp\u00f3lnym starcie w jesiennych wyborach parlamentarnych. To dobra wiadomo\u015b\u0107 dla opozycji demokratycznej.<br \/>\n<!--more--><br \/>\nRobert Biedro\u0144 nie przes\u0105dza, czy Wiosna do\u0142\u0105czy do KO. Wci\u0105\u017c w gr\u0119 wchodz\u0105 start samodzielny lub w przymierzu z ugrupowaniami lewicowymi.<\/p>\n<p>Ale ko\u0144, jaki jest, ka\u017cdy widzi. Du\u017co ni\u017cszy od oczekiwanego wynik Wiosny w wyborach do Parlamentu Europejskiego by\u0142 prysznicem i Wiosna zaczyna rozumie\u0107, \u017ce jej przysz\u0142o\u015b\u0107 w polityce polskiej jest zagro\u017cona. Ani start samodzielny, ani w bloku nowej lewicy nie daje jej gwarancji przetrwania.<\/p>\n<p>A przetrwanie jest zagro\u017cone nie tylko w sensie statystyk wyborczych. Ko\u015bci\u00f3\u0142 i znaczna cz\u0119\u015b\u0107 prawicy, na czele z PiS, prowadzi kampani\u0119 przeciwko spo\u0142eczno\u015bci LGBT. \u015arodowisko Biedronia prawa tej mniejszo\u015bci ma na swych sztandarach. Mi\u0119dzy innymi dlatego sta\u0142o si\u0119 celem atak\u00f3w, kt\u00f3re wzmog\u0105 si\u0119 po wakacjach. Pisowska prawica i nacjonali\u015bci nie odpuszcz\u0105.<\/p>\n<p>Orzeczenie Trybuna\u0142u Konstytucyjnego, uznaj\u0105ce ukaranie za odmow\u0119 plakat\u00f3w dla LGBT za niezgodne z konstytucj\u0105, zapala zielone \u015bwiat\u0142o dla dyskryminacji. Dzi\u015b spo\u0142eczno\u015bci LGBT, a kto wie, kogo jutro? Obrona praw obywatelskich tej spo\u0142eczno\u015bci staje si\u0119 politycznie i ideowo wsp\u00f3ln\u0105 spraw\u0105 ca\u0142ej opozycji demokratycznej.<\/p>\n<p>Dlatego zmian\u0119 stanowiska Biedronia opozycja, na czele z PO, powinna potraktowa\u0107 powa\u017cnie i wypracowa\u0107 w rozmowach z Wiosn\u0105 dobre porozumienie o wsp\u00f3lnym starcie. Dzi\u015b Biedro\u0144 ma mniej wi\u0119cej tyle &#8222;szabel&#8221;, ile Kosiniak-Kamysz. Ludowcy to widz\u0105 i wiedz\u0105. Wizja zdobycia wi\u0119kszo\u015bci konstytucyjnej przez PiS mo\u017ce tak\u017ce ich przekona\u0107 do wsp\u00f3lnego startu z Wiosn\u0105.<\/p>\n","protected":false},"excerpt":{"rendered":"<p>Ko\u0144, jaki jest, ka\u017cdy widzi.<\/p>\n","protected":false},"author":3,"featured_media":8811,"comment_status":"open","ping_status":"closed","sticky":false,"template":"","format":"standard","meta":{"footnotes":""},"categories":[1],"tags":[],"_links":{"self":[{"href":"https:\/\/blog.polityka.pl\/szostkiewicz\/wp-json\/wp\/v2\/posts\/8809"}],"collection":[{"href":"https:\/\/blog.polityka.pl\/szostkiewicz\/wp-json\/wp\/v2\/posts"}],"about":[{"href":"https:\/\/blog.polityka.pl\/szostkiewicz\/wp-json\/wp\/v2\/types\/post"}],"author":[{"embeddable":true,"href":"https:\/\/blog.polityka.pl\/szostkiewicz\/wp-json\/wp\/v2\/users\/3"}],"replies":[{"embeddable":true,"href":"https:\/\/blog.polityka.pl\/szostkiewicz\/wp-json\/wp\/v2\/comments?post=8809"}],"version-history":[{"count":3,"href":"https:\/\/blog.polityka.pl\/szostkiewicz\/wp-json\/wp\/v2\/posts\/8809\/revisions"}],"predecessor-version":[{"id":8813,"href":"https:\/\/blog.polityka.pl\/szostkiewicz\/wp-json\/wp\/v2\/posts\/8809\/revisions\/8813"}],"wp:featuredmedia":[{"embeddable":true,"href":"https:\/\/blog.polityka.pl\/szostkiewicz\/wp-json\/wp\/v2\/media\/8811"}],"wp:attachment":[{"href":"https:\/\/blog.polityka.pl\/szostkiewicz\/wp-json\/wp\/v2\/media?parent=8809"}],"wp:term":[{"taxonomy":"category","embeddable":true,"href":"https:\/\/blog.polityka.pl\/szostkiewicz\/wp-json\/wp\/v2\/categories?post=8809"},{"taxonomy":"post_tag","embeddable":true,"href":"https:\/\/blog.polityka.pl\/szostkiewicz\/wp-json\/wp\/v2\/tags?post=8809"}],"curies":[{"name":"wp","href":"https:\/\/api.w.org\/{rel}","templated":true}]}}