
{"id":8829,"date":"2019-07-04T22:21:54","date_gmt":"2019-07-04T20:21:54","guid":{"rendered":"http:\/\/szostkiewicz.blog.polityka.pl\/?p=8829"},"modified":"2019-07-08T11:29:05","modified_gmt":"2019-07-08T09:29:05","slug":"zbiorka-na-dzieci-wasyla","status":"publish","type":"post","link":"https:\/\/blog.polityka.pl\/szostkiewicz\/2019\/07\/04\/zbiorka-na-dzieci-wasyla\/","title":{"rendered":"Zbi\u00f3rka na dzieci Wasyla"},"content":{"rendered":"<p>400 tys. z\u0142 od 4 tys. os\u00f3b. Tyle wynosi\u0142 w poniedzia\u0142ek stan konta za\u0142o\u017conego z inicjatywy konsula honorowego Ukrainy w Poznaniu na rzecz dzieci Ukrai\u0144ca, kt\u00f3ry zmar\u0142 porzucony w lesie.<br \/>\n<!--more--><br \/>\nWasyl Czornej przyjecha\u0142 do Polski na cztery miesi\u0105ce. Jego siostra twierdzi, \u017ce nigdy nie chorowa\u0142. Dorabia\u0142 bez pozwolenia w zak\u0142adzie produkuj\u0105cym trumny. Gdy nagle tam zas\u0142ab\u0142, w\u0142a\u015bcicielka zamiast wezwa\u0107 karetk\u0119 pogotowia lub sama zawie\u017a\u0107 go do szpitala, zawioz\u0142a go daleko do lasu i tam pozostawi\u0142a bez opieki. Zamiast ratowa\u0107 pracownika, ratowa\u0142a siebie przed kar\u0105 za nielegalne zatrudnienie Wasyla. Takiego dokona\u0142a wyboru.<\/p>\n<p>Tragedia. Troje dzieci straci\u0142y ojca, \u017cona &#8211; m\u0119\u017ca, s\u0119dziwi i schorowani rodzice &#8211; syna. Wstrz\u0105\u015bni\u0119ty konsul Witold Horowski rozpocz\u0105\u0142 zbi\u00f3rk\u0119 pieni\u0119dzy dla dotkni\u0119tej nieszcz\u0119\u015bciem rodziny. Wybra\u0142 form\u0119 wp\u0142at na konto bankowe.<\/p>\n<p>Akcja trwa i krzepi serca. Wolno przypuszcza\u0107, \u017ce datki wp\u0142acaj\u0105 i Ukrai\u0144cy, i Polacy. Katolicy i niekatolicy, wierz\u0105cy i niewierz\u0105cy. Rodzina ludzka pomaga rodzinie Wasyla. Siostra Wasyla m\u00f3wi, \u017ce rodzina nie oczekiwa\u0142a pomocy, ale dzi\u0119kuje i nie szuka zemsty. Chcia\u0142aby tylko wiedzie\u0107, jak dosz\u0142o do tragedii.<\/p>\n<p>To pi\u0119kny przyk\u0142ad empatii i solidarno\u015bci. I to w czasie, kiedy nie brakuje u nas, niestety, nacjonalistycznych pr\u00f3b rozniecania konfliktu mi\u0119dzy Polakami a Ukrai\u0144cami. I tymi, kt\u00f3rzy przebyli do Polski szuka\u0107 tu lepszego i bezpieczniejszego \u017cycia, i tymi, kt\u00f3rzy broni\u0105 swej ojczyzny dotkni\u0119tej wojn\u0105 domow\u0105.<\/p>\n<p>A po\u015brednio mo\u017cna ten spo\u0142eczny odzew uzna\u0107 tak\u017ce za sprzeciw wobec traktowania Ukrai\u0144c\u00f3w pracuj\u0105cych w Polsce jak pozbawionej godno\u015bci i praw p\u00f3\u0142niewolniczej si\u0142y roboczej.<\/p>\n<p>Siostra Wasyla m\u00f3wi, \u017ce chcia\u0142aby si\u0119 dowiedzie\u0107, dlaczego Wasyla nie ratowa\u0142 rodak, kt\u00f3ry z nim pracowa\u0142 i mieszka\u0142. Faktycznie, spodziewaliby\u015bmy si\u0119 innego zachowania. Ale mo\u017ce brak ludzkiego odruchu\u00a0pomocy ma jaki\u015b zwi\u0105zek w\u0142a\u015bnie z tym problemem.<\/p>\n<p>Czy rz\u0105d RP nie powinien si\u0119 nim zaj\u0105\u0107? Wys\u0142a\u0107 jasnego komunikatu, \u017ce Ukrai\u0144cy maj\u0105 takie same podstawowe ludzkie prawa jak obywatele Polski? Takim komunikatem mog\u0142oby by\u0107 przyznanie\u00a0dzieciom Wasyla Czorneja rz\u0105dowej renty specjalnej.<\/p>\n","protected":false},"excerpt":{"rendered":"<p>Akcja trwa i krzepi serca. Wolno przypuszcza\u0107, \u017ce datki wp\u0142acaj\u0105 i Ukrai\u0144cy, i Polacy.<\/p>\n","protected":false},"author":3,"featured_media":8847,"comment_status":"open","ping_status":"closed","sticky":false,"template":"","format":"standard","meta":{"footnotes":""},"categories":[1],"tags":[],"_links":{"self":[{"href":"https:\/\/blog.polityka.pl\/szostkiewicz\/wp-json\/wp\/v2\/posts\/8829"}],"collection":[{"href":"https:\/\/blog.polityka.pl\/szostkiewicz\/wp-json\/wp\/v2\/posts"}],"about":[{"href":"https:\/\/blog.polityka.pl\/szostkiewicz\/wp-json\/wp\/v2\/types\/post"}],"author":[{"embeddable":true,"href":"https:\/\/blog.polityka.pl\/szostkiewicz\/wp-json\/wp\/v2\/users\/3"}],"replies":[{"embeddable":true,"href":"https:\/\/blog.polityka.pl\/szostkiewicz\/wp-json\/wp\/v2\/comments?post=8829"}],"version-history":[{"count":9,"href":"https:\/\/blog.polityka.pl\/szostkiewicz\/wp-json\/wp\/v2\/posts\/8829\/revisions"}],"predecessor-version":[{"id":8861,"href":"https:\/\/blog.polityka.pl\/szostkiewicz\/wp-json\/wp\/v2\/posts\/8829\/revisions\/8861"}],"wp:featuredmedia":[{"embeddable":true,"href":"https:\/\/blog.polityka.pl\/szostkiewicz\/wp-json\/wp\/v2\/media\/8847"}],"wp:attachment":[{"href":"https:\/\/blog.polityka.pl\/szostkiewicz\/wp-json\/wp\/v2\/media?parent=8829"}],"wp:term":[{"taxonomy":"category","embeddable":true,"href":"https:\/\/blog.polityka.pl\/szostkiewicz\/wp-json\/wp\/v2\/categories?post=8829"},{"taxonomy":"post_tag","embeddable":true,"href":"https:\/\/blog.polityka.pl\/szostkiewicz\/wp-json\/wp\/v2\/tags?post=8829"}],"curies":[{"name":"wp","href":"https:\/\/api.w.org\/{rel}","templated":true}]}}