
{"id":8848,"date":"2019-07-06T12:33:55","date_gmt":"2019-07-06T10:33:55","guid":{"rendered":"http:\/\/szostkiewicz.blog.polityka.pl\/?p=8848"},"modified":"2019-07-08T11:26:44","modified_gmt":"2019-07-08T09:26:44","slug":"bp-dec-broni-pana-tomasza-z-ikei","status":"publish","type":"post","link":"https:\/\/blog.polityka.pl\/szostkiewicz\/2019\/07\/06\/bp-dec-broni-pana-tomasza-z-ikei\/","title":{"rendered":"Bp Dec broni &#8222;pana Tomasza&#8221; z Ikei"},"content":{"rendered":"<p>Zwolniony z Ikei pracownik pi\u0119tnuj\u0105cy homoseksualizm doczeka\u0142 si\u0119 wsparcia episkopatu rzymskokatolickiego. W imieniu Rady Episkopatu do spraw apostolstwa \u015bwieckich dokument w jego sprawie i w sprawie &#8222;ideologii LGBT&#8221; podpisa\u0142 biskup \u015bwidnicki Ignacy Dec, sympatyk Radia Maryja i o. Rydzyka.<br \/>\n<!--more--><br \/>\n&#8222;Pan Tomasz&#8221; spad\u0142 episkopatowi z nieba. Pomaga prawicowej propagandzie odwr\u00f3ci\u0107 uwag\u0119 od pedofilii w Ko\u015bciele, od problemu ksi\u0119\u017cy zrzucaj\u0105cych sutanny i tragedii samob\u00f3jstw duchownych, o jakich ostatnio informuj\u0105 media.<\/p>\n<p>Pos\u0142u\u017cy\u0142 si\u0119 Pismem \u015awi\u0119tym. Wybra\u0142 cytaty brzmi\u0105ce jak pogr\u00f3\u017cka. Zaprotestowa\u0142 przeciwko polityce tolerancji wzgl\u0119dem os\u00f3b o nieheteroseksualnej to\u017csamo\u015bci seksualnej prowadzonej w firmie, kt\u00f3ra go zatrudni\u0142a. Nie usun\u0105\u0142 swej wypowiedzi, cho\u0107 go o to poproszono. Zas\u0142oni\u0142 si\u0119 prawem do wolno\u015bci sumienia. Zosta\u0142 zwolniony.<\/p>\n<p>Teraz ko\u015bcielny dokument podaje go za godny na\u015bladowania przyk\u0142ad &#8222;apostolstwa \u015bwieckich&#8221;. A przecie\u017c przywo\u0142ane przez &#8222;pana Tomasza&#8221; cytaty brzmi\u0105 jak z\u0142owroga pogr\u00f3\u017cka. W innych Ko\u015bcio\u0142ach katolickich na Zachodzie, a tak\u017ce w wielu protestanckich takie zachowanie by\u0142oby niedopuszczalne. Pogarda ma by\u0107 apostolstwem?<\/p>\n<p>W Ko\u015bciele w Polsce za niedopuszczalny bp. Dec uznaje rzekomy &#8222;atak&#8221; na homofobi\u0119: <\/p>\n<blockquote><p>Wszelkie wypowiedzi, kt\u00f3re chcia\u0142yby z Pana uczyni\u0107 oszo\u0142oma, ignoranta i agresora \u2013 nie maj\u0105 podstaw w faktach. Chcia\u0142oby si\u0119 powiedzie\u0107 za szafarzem chrztu \u015bwi\u0119tego: \u201eTaka jest nasza wiara. Taka jest wiara Ko\u015bcio\u0142a, kt\u00f3rej wyznawanie jest nasz\u0105 chlub\u0105 w Chrystusie Jezusie, Panu naszym\u201d.<\/p><\/blockquote>\n<p>&#8222;Taka&#8221;, czyli jaka? Wzywaj\u0105ca do wykluczenia jakiej\u015b grupy os\u00f3b ze spo\u0142ecze\u0144stwa i z Ko\u015bcio\u0142a tylko dlatego, \u017ce urodzili si\u0119 z inn\u0105 to\u017csamo\u015bci\u0105 seksualn\u0105? Ma\u0142o tego. Dokument sugeruje, aby spraw\u0105 zaj\u0119\u0142y si\u0119 prokuratura i zwi\u0105zki zawodowe.<\/p>\n<p>I w pi\u0105tek Pa\u0144stwowa Inspekcja Pracy rozpocz\u0119\u0142a &#8222;kompleksow\u0105 kontrol\u0119&#8221; w krakowskiej Ikei, gdzie pracowa\u0142 &#8222;pan Tomasz&#8221;. Oczywi\u015bcie pod pretekstem zbadania tego czy tamtego, byleby unikn\u0105\u0107 pytania o prawdziwy pow\u00f3d inspekcji.\u00a0A ultrakatolickie Ordo Iuris oferuje mu pomoc prawn\u0105. Poparcia moralnego udziela polityki PiS Patryk Jaki. Widocznie prawica chce z homofoba zrobi\u0107 ofiar\u0119 urojonej &#8222;ideologii LGBT\u201d.<\/p>\n<p>Niech kwestie prawne rozstrzygnie niezale\u017cny s\u0105d. Niech zdecyduje, czy na wewn\u0119trznym forum internetowym firmy pracownicy mog\u0105 publikowa\u0107 wpisy homofobiczne, zas\u0142aniaj\u0105c si\u0119 Pismem \u015awi\u0119tym i fundamentalistycznym rozumieniem wyznawanej przez nich wiary.<\/p>\n<p>Ale uderza i bulwersuje, \u017ce ten sam Ko\u015bci\u00f3\u0142 w Polsce nie zajmuje tak wyrazistej postawy, kiedy katolicy, w tym duchowni, swymi publicznymi wypowiedziami obra\u017caj\u0105 bli\u017anich, wykluczaj\u0105 innych wed\u0142ug swego uznania, toleruj\u0105, a nawet siej\u0105 pogard\u0119 i nienawi\u015b\u0107.<\/p>\n<p>Lub kiedy demonizuj\u0105 i znies\u0142awiaj\u0105 pracodawc\u00f3w za poparcie r\u00f3wnych praw LGBT albo nauczycieli i aktywist\u00f3w usi\u0142uj\u0105cych chroni\u0107 m\u0142odzie\u017c przed skutkami niewiedzy o sprawach p\u0142ci. To s\u0105 prawdziwe grzechy przeciw wsp\u00f3lnocie ludzkiej, kt\u00f3r\u0105 chrze\u015bcijanie nazywaj\u0105 dzie\u0107mi jednego Boga.<\/p>\n","protected":false},"excerpt":{"rendered":"<p>Zwolniony z Ikei pracownik pi\u0119tnuj\u0105cy homoseksualizm doczeka\u0142 si\u0119 wsparcia episkopatu rzymskokatolickiego.<\/p>\n","protected":false},"author":3,"featured_media":8853,"comment_status":"open","ping_status":"closed","sticky":false,"template":"","format":"standard","meta":{"footnotes":""},"categories":[1],"tags":[],"_links":{"self":[{"href":"https:\/\/blog.polityka.pl\/szostkiewicz\/wp-json\/wp\/v2\/posts\/8848"}],"collection":[{"href":"https:\/\/blog.polityka.pl\/szostkiewicz\/wp-json\/wp\/v2\/posts"}],"about":[{"href":"https:\/\/blog.polityka.pl\/szostkiewicz\/wp-json\/wp\/v2\/types\/post"}],"author":[{"embeddable":true,"href":"https:\/\/blog.polityka.pl\/szostkiewicz\/wp-json\/wp\/v2\/users\/3"}],"replies":[{"embeddable":true,"href":"https:\/\/blog.polityka.pl\/szostkiewicz\/wp-json\/wp\/v2\/comments?post=8848"}],"version-history":[{"count":9,"href":"https:\/\/blog.polityka.pl\/szostkiewicz\/wp-json\/wp\/v2\/posts\/8848\/revisions"}],"predecessor-version":[{"id":8859,"href":"https:\/\/blog.polityka.pl\/szostkiewicz\/wp-json\/wp\/v2\/posts\/8848\/revisions\/8859"}],"wp:featuredmedia":[{"embeddable":true,"href":"https:\/\/blog.polityka.pl\/szostkiewicz\/wp-json\/wp\/v2\/media\/8853"}],"wp:attachment":[{"href":"https:\/\/blog.polityka.pl\/szostkiewicz\/wp-json\/wp\/v2\/media?parent=8848"}],"wp:term":[{"taxonomy":"category","embeddable":true,"href":"https:\/\/blog.polityka.pl\/szostkiewicz\/wp-json\/wp\/v2\/categories?post=8848"},{"taxonomy":"post_tag","embeddable":true,"href":"https:\/\/blog.polityka.pl\/szostkiewicz\/wp-json\/wp\/v2\/tags?post=8848"}],"curies":[{"name":"wp","href":"https:\/\/api.w.org\/{rel}","templated":true}]}}