
{"id":9098,"date":"2019-08-27T12:20:50","date_gmt":"2019-08-27T10:20:50","guid":{"rendered":"http:\/\/szostkiewicz.blog.polityka.pl\/?p=9098"},"modified":"2019-08-27T15:11:53","modified_gmt":"2019-08-27T13:11:53","slug":"cztery-lata-meki-z-pisem","status":"publish","type":"post","link":"https:\/\/blog.polityka.pl\/szostkiewicz\/2019\/08\/27\/cztery-lata-meki-z-pisem\/","title":{"rendered":"Cztery lata m\u0119ki z PiS"},"content":{"rendered":"<p>Wyborczy zegar tyka coraz g\u0142o\u015bniej. Za niespe\u0142na dwa miesi\u0105ce ci, kt\u00f3rzy nie popieraj\u0105 PiS, &#8222;zjednoczonej prawicy&#8221; ani skrajnej prawicy typu Konfederacja, b\u0119d\u0105 mieli by\u0107 mo\u017ce ostatni\u0105 szans\u0119, by odsun\u0105\u0107 prawic\u0119 pisowsk\u0105 i ko\u015bcieln\u0105 od w\u0142adzy w Polsce.Odsun\u0105\u0107 nie znaczy wykluczy\u0107 wyborc\u00f3w obecnej w\u0142adzy, ani odebra\u0107 im d\u00f3br nadanych im za rz\u0105d\u00f3w PiS.<br \/>\n<!--more--><br \/>\nJe\u015bli PiS zachowa w\u0142adz\u0119, b\u0119d\u0105 dalsze turbulencje w pa\u0144stwie i spo\u0142ecze\u0144stwie. Bo je\u015bli poszerzy stan posiadania w parlamencie, a zw\u0142aszcza w Sejmie, wy\u015ble obecn\u0105 konstytucj\u0119 na \u015bmietnik historii, a wraz z ni\u0105 wszystkie bezpieczniki gwarantuj\u0105ce wolno\u015b\u0107 s\u0142owa i inne podstawowe prawa i swobody obywatelskie. Zacznie si\u0119 eliminacja \u015brodowisk i organizacji niezale\u017cnych od PiS i jego sojusznik\u00f3w, w tym wolnych medi\u00f3w i stowarzysze\u0144 obywatelskich.<\/p>\n<p>W\u0142adza \u015bwiecka zro\u015bnie si\u0119 z ko\u015bcieln\u0105 nieformalnie i formalnie, jak tego chce abp G\u0105decki, kt\u00f3ry uwa\u017ca, \u017ce Ko\u015bci\u00f3\u0142 rzymskokatolicki jest w naturalny spos\u00f3b &#8222;dusz\u0105&#8221; suwerennego pa\u0144stwa polskiego. System edukacji powszechnej zostanie poddany kontroli Ko\u015bcio\u0142a, kt\u00f3ry b\u0119dzie wyznacza\u0142 g\u0142\u00f3wne cele polityki o\u015bwiatowej pa\u0144stwa. <\/p>\n<p>Polska wejdzie w faz\u0119 samoseparacji od wsp\u00f3lnoty europejskiej i zachodniej. Odrzuci idee wolno\u015bci i r\u00f3wno\u015bci obywateli wobec prawa. Wszyscy, kt\u00f3rzy nie b\u0119d\u0105 chcieli si\u0119 podporz\u0105dkowa\u0107 totalnej w\u0142adzy jednego lidera, zostan\u0105 zepchni\u0119ci na margines \u017cycia publicznego w polityce, kulturze, spo\u0142ecze\u0144stwie i gospodarce. Retoryka &#8222;gorszego sortu&#8221; zostanie wcielona w \u017cycie z ca\u0142\u0105 moc\u0105.<\/p>\n<p>Polska nie b\u0119dzie ju\u017c wolna ani rzeczywi\u015bcie demokratyczna. B\u0119d\u0105 ni\u0105 rz\u0105dzi\u0107 kasty nowych oligarch\u00f3w, nowej nomenklatury pa\u0144stwowej i partyjnej. <em>De facto<\/em> wyj\u0119te spod kontroli obywateli, stoj\u0105ce ponad prawem, wszechmocne i niemusz\u0105ce si\u0119 l\u0119ka\u0107, \u017ce mog\u0105 ponie\u015b\u0107 odpowiedzialno\u015b\u0107 za cokolwiek: od \u0142amania przepis\u00f3w prawa drogowego po \u0142amanie zasad praworz\u0105dno\u015bci.<\/p>\n<p>Kto nie chce takiego obrotu spraw polskich, nie mo\u017ce sta\u0107 z boku. Oboj\u0119tno\u015b\u0107 i chowanie g\u0142owy w piasek nie wyjdzie nikomu na dobre. Autorytarne zmiany konstytucji, prawa i charakteru pa\u0144stwa pr\u0119dzej czy p\u00f3\u017aniej poczuj\u0105 na w\u0142asnej sk\u00f3rze zwykli obywatele, a nie tylko zwalczane dzi\u015b przez PiS stare elity.<\/p>\n<p>Wybory 13 pa\u017adziernika staj\u0105 si\u0119 dramatycznie wa\u017cne. Nie s\u0105 to zwyk\u0142e wybory, takie jak w innych krajach demokratycznych. To wybory ostatniej szansy dla wi\u0119kszo\u015bci, kt\u00f3ra nie g\u0142osowa\u0142a na PiS w 2015 r., a po czterech latach rz\u0105d\u00f3w &#8222;zjednoczonej prawicy&#8221; my\u015bli z rosn\u0105cym niepokojem, co czeka nasz kraj podczas ewentualnej drugiej kadencji obozu wok\u00f3\u0142 pos\u0142a Jaros\u0142awa Kaczy\u0144skiego.<\/p>\n<p>Co czeka kobiety domagaj\u0105ce si\u0119 swych praw do wyboru, co czeka mniejszo\u015bci uznane za &#8222;wrog\u00f3w&#8221;.<\/p>\n<p>Co czeka m\u0142odych, kt\u00f3rzy chc\u0105 Polski przyjaznej Europie i wolno\u015bciom obywateli szanuj\u0105cych prawo, ale nie popieraj\u0105 &#8222;konserwatywnej kontrrewolucji&#8221; Kaczy\u0144skiego?<\/p>\n<p>W tej sytuacji tarcia i wzajemne pretensje i antypatie w opozycji antypisowskiej s\u0105 nonsensem, prywat\u0105, za\u0107mieniem umys\u0142\u00f3w my\u015bl\u0105cych politycznie w d\u0142u\u017cszej perspektywie czasowej. Opozycja nie mo\u017ce pomaga\u0107 swymi b\u0142\u0119dami obozowi PiS. <\/p>\n<p>Skoro idzie do wybor\u00f3w w trzech blokach, nie mo\u017ce ich sk\u0142\u00f3ca\u0107 ze sob\u0105. Wyborcy ka\u017cdego z tych antypisowskich blok\u00f3w nie mog\u0105 si\u0119 obra\u017ca\u0107 wzajemnie na siebie i lider\u00f3w. Nie powinni koncentrowa\u0107 si\u0119 na niech\u0119ci do tego czy innego spo\u015br\u00f3d nich bardziej ni\u017c na pokonaniu Kaczy\u0144skiego.<\/p>\n<p>Musz\u0105 zawiesi\u0107 na kilka tygodni emocje, kt\u00f3re ich dziel\u0105, zamiast \u0142\u0105czy\u0107 w sprzeciwie wobec polityki, kt\u00f3ra odbiera obywatelom wolno\u015b\u0107, wypacza poj\u0119cia wsp\u00f3lnoty narodowej i patriotyzmu, podkopuje pozycj\u0119 Polski w demokratycznej Europie, os\u0142abia nasz potencja\u0142 rozwojowy. <\/p>\n<p>Nadchodzi moment prze\u0142omowy. Nie mo\u017cna go przegapi\u0107. Historia tego nie wybaczy demokratycznej opozycji: tej parlamentarnej i tej obywatelskiej.<\/p>\n","protected":false},"excerpt":{"rendered":"<p>Wyborczy zegar tyka coraz g\u0142o\u015bniej.<\/p>\n","protected":false},"author":3,"featured_media":9108,"comment_status":"open","ping_status":"closed","sticky":false,"template":"","format":"standard","meta":{"footnotes":""},"categories":[1],"tags":[],"_links":{"self":[{"href":"https:\/\/blog.polityka.pl\/szostkiewicz\/wp-json\/wp\/v2\/posts\/9098"}],"collection":[{"href":"https:\/\/blog.polityka.pl\/szostkiewicz\/wp-json\/wp\/v2\/posts"}],"about":[{"href":"https:\/\/blog.polityka.pl\/szostkiewicz\/wp-json\/wp\/v2\/types\/post"}],"author":[{"embeddable":true,"href":"https:\/\/blog.polityka.pl\/szostkiewicz\/wp-json\/wp\/v2\/users\/3"}],"replies":[{"embeddable":true,"href":"https:\/\/blog.polityka.pl\/szostkiewicz\/wp-json\/wp\/v2\/comments?post=9098"}],"version-history":[{"count":12,"href":"https:\/\/blog.polityka.pl\/szostkiewicz\/wp-json\/wp\/v2\/posts\/9098\/revisions"}],"predecessor-version":[{"id":9112,"href":"https:\/\/blog.polityka.pl\/szostkiewicz\/wp-json\/wp\/v2\/posts\/9098\/revisions\/9112"}],"wp:featuredmedia":[{"embeddable":true,"href":"https:\/\/blog.polityka.pl\/szostkiewicz\/wp-json\/wp\/v2\/media\/9108"}],"wp:attachment":[{"href":"https:\/\/blog.polityka.pl\/szostkiewicz\/wp-json\/wp\/v2\/media?parent=9098"}],"wp:term":[{"taxonomy":"category","embeddable":true,"href":"https:\/\/blog.polityka.pl\/szostkiewicz\/wp-json\/wp\/v2\/categories?post=9098"},{"taxonomy":"post_tag","embeddable":true,"href":"https:\/\/blog.polityka.pl\/szostkiewicz\/wp-json\/wp\/v2\/tags?post=9098"}],"curies":[{"name":"wp","href":"https:\/\/api.w.org\/{rel}","templated":true}]}}