
{"id":9313,"date":"2019-10-10T14:31:50","date_gmt":"2019-10-10T12:31:50","guid":{"rendered":"http:\/\/szostkiewicz.blog.polityka.pl\/?p=9313"},"modified":"2019-10-10T21:38:41","modified_gmt":"2019-10-10T19:38:41","slug":"tokarczuk-prawdziwa-radosc-i-duma","status":"publish","type":"post","link":"https:\/\/blog.polityka.pl\/szostkiewicz\/2019\/10\/10\/tokarczuk-prawdziwa-radosc-i-duma\/","title":{"rendered":"Tokarczuk: prawdziwa rado\u015b\u0107 i duma"},"content":{"rendered":"<p>Nigdy nie tra\u0107my nadziei, \u017ce mo\u017ce by\u0107 lepiej. To czwarty &#8222;polski&#8221; Nobel za mojego doros\u0142ego \u017cycia. Mi\u0142osz, Wa\u0142\u0119sa, Szymborska, a teraz Olga Tokarczuk. Dw\u00f3ch Polak\u00f3w, dwie Polki, idealna r\u00f3wnowaga.<br \/>\n<!--more--><br \/>\nWszyscy w niezgodzie z nacjonalizmem, totalizmem, zamykaniem ludzi w klatce agresywnych ideologii. Wszyscy w sporze z si\u0142ami z\u0142a, kt\u00f3re usi\u0142uj\u0105 zniszczy\u0107 \u015bwiat otwarty na urod\u0119 i bogactwo r\u00f3\u017cnorodno\u015bci ludzkiej kultury i zredukowa\u0107 go do jednej cywilizacji, filozofii, religii.<\/p>\n<p>W obozie obecnej w\u0142adzy, kt\u00f3r\u0105 te\u017c kusi takie sp\u0142aszczenie, trwa zarz\u0105dzenie kryzysem. Pisowscy dygnitarze &#8222;ciesz\u0105 si\u0119&#8221; i gratuluj\u0105. Minister kultury obiecuje, \u017ce &#8222;doczyta&#8221; ksi\u0105\u017cki noblistki. Nie wiadomo, czy to zn\u00f3w drwina, czy opami\u0119tanie. Jednocze\u015bnie prorz\u0105dowe media ju\u017c zaczynaj\u0105 Tokarczuk pi\u0119tnowa\u0107 jako pisark\u0119 utalentowan\u0105, ale &#8222;antypolsk\u0105&#8221;.<\/p>\n<p>Bo przecie\u017c tw\u00f3rczo\u015b\u0107 Tokarczuk to zaprzeczenie polityki kulturalnej &#8222;zjednoczonej prawicy&#8221;, kt\u00f3ra sp\u0142aszcza, co tylko mo\u017ce, w d\u0105\u017ceniu do narodowo-katolickiego, odg\u00f3rnego, pa\u0144stwowego ujednolicania na si\u0142\u0119 wielo\u015bci i r\u00f3\u017cnorodno\u015bci w kulturze, spo\u0142ecze\u0144stwie, polityce.<\/p>\n<p>Nie tylko to. Obecna w\u0142adza gotowa jest pi\u0119tnowa\u0107 swych przeciwnik\u00f3w jako &#8222;wrog\u00f3w Polski&#8221;. Na ich czarn\u0105 list\u0119 wpisali nawet temat walki o ocalenie naszej planety przed skutkami globalnego ocieplenia. A nadchodz\u0105ca ekologiczna katastrofa to tak\u017ce temat Olgi Tokarczuk. Podobnie jak feminizm i fascynacja inno\u015bci\u0105, ekscentryczno\u015bci\u0105, ,,bizarno\u015bci\u0105&#8221; i wszelkimi ,,ksi\u0119gami Jakubowymi&#8221;.   &#8222;Lewacka&#8221; zgroza dla rz\u0105dz\u0105cej w Polsce prawicy.<br \/>\n,<br \/>\nNobel dla Tokarczuk, pisarki m\u0142odej,w pe\u0142ni si\u0142 tw\u00f3rczych, wi\u0119c z przysz\u0142o\u015bci\u0105, to oczywi\u015bcie jej osobisty sukces artystyczny. Ale tak\u017ce pierwszy od czterech lat pozytywny komunikat dotycz\u0105cy wizerunku Polski na scenie mi\u0119dzynarodowej. Z tej decyzji mo\u017cemy czerpa\u0107 prawdziw\u0105, a nie propagandow\u0105 rado\u015b\u0107 i dum\u0119.<\/p>\n<p>Dzi\u0119ki Oldze Tokarczuk Polska zameldowa\u0142a si\u0119 w obozie humanistycznego uniwersalizmu, zerwa\u0142a mask\u0119 przyprawian\u0105 jej przez naszych prawicowych izolacjonist\u00f3w.<\/p>\n","protected":false},"excerpt":{"rendered":"<p>Z tej decyzji mo\u017cemy czerpa\u0107 prawdziw\u0105, a nie propagandow\u0105 rado\u015b\u0107 i dum\u0119.<\/p>\n","protected":false},"author":3,"featured_media":9321,"comment_status":"open","ping_status":"closed","sticky":false,"template":"","format":"standard","meta":{"footnotes":""},"categories":[1],"tags":[],"_links":{"self":[{"href":"https:\/\/blog.polityka.pl\/szostkiewicz\/wp-json\/wp\/v2\/posts\/9313"}],"collection":[{"href":"https:\/\/blog.polityka.pl\/szostkiewicz\/wp-json\/wp\/v2\/posts"}],"about":[{"href":"https:\/\/blog.polityka.pl\/szostkiewicz\/wp-json\/wp\/v2\/types\/post"}],"author":[{"embeddable":true,"href":"https:\/\/blog.polityka.pl\/szostkiewicz\/wp-json\/wp\/v2\/users\/3"}],"replies":[{"embeddable":true,"href":"https:\/\/blog.polityka.pl\/szostkiewicz\/wp-json\/wp\/v2\/comments?post=9313"}],"version-history":[{"count":11,"href":"https:\/\/blog.polityka.pl\/szostkiewicz\/wp-json\/wp\/v2\/posts\/9313\/revisions"}],"predecessor-version":[{"id":9325,"href":"https:\/\/blog.polityka.pl\/szostkiewicz\/wp-json\/wp\/v2\/posts\/9313\/revisions\/9325"}],"wp:featuredmedia":[{"embeddable":true,"href":"https:\/\/blog.polityka.pl\/szostkiewicz\/wp-json\/wp\/v2\/media\/9321"}],"wp:attachment":[{"href":"https:\/\/blog.polityka.pl\/szostkiewicz\/wp-json\/wp\/v2\/media?parent=9313"}],"wp:term":[{"taxonomy":"category","embeddable":true,"href":"https:\/\/blog.polityka.pl\/szostkiewicz\/wp-json\/wp\/v2\/categories?post=9313"},{"taxonomy":"post_tag","embeddable":true,"href":"https:\/\/blog.polityka.pl\/szostkiewicz\/wp-json\/wp\/v2\/tags?post=9313"}],"curies":[{"name":"wp","href":"https:\/\/api.w.org\/{rel}","templated":true}]}}