
{"id":9459,"date":"2019-11-08T20:48:47","date_gmt":"2019-11-08T19:48:47","guid":{"rendered":"http:\/\/szostkiewicz.blog.polityka.pl\/?p=9459"},"modified":"2019-11-09T00:06:22","modified_gmt":"2019-11-08T23:06:22","slug":"holownia-startuje-na-prezydenta","status":"publish","type":"post","link":"https:\/\/blog.polityka.pl\/szostkiewicz\/2019\/11\/08\/holownia-startuje-na-prezydenta\/","title":{"rendered":"Ho\u0142ownia startuje na prezydenta"},"content":{"rendered":"<p>Za dwa, trzy tygodnie ma wystartowa\u0107 kampania prezydencka Szymona Ho\u0142owni &#8211; poinformowa\u0142a Polityka Insight. Przygotowania, w tym zbieranie woluntariuszy, trwaj\u0105 od sierpnia. Oficjalne zg\u0142oszenie kandydatury Ho\u0142owni na prezydenta ma oparcie w badaniach socjologicznych.<br \/>\n<!--more--><br \/>\nWynika z nich, \u017ce Ho\u0142owni\u0119 rozpoznaje od 50 do 75 proc. Polak\u00f3w. Tylko \u017ce rozpoznawalno\u015b\u0107 nie musi prze\u0142o\u017cy\u0107 si\u0119 na oddanie przez nich g\u0142osu w wyborach. Ale czemu nie? Zgodnie z nasz\u0105 konstytucj\u0105 ka\u017cdy obywatel mo\u017ce pr\u00f3bowa\u0107 szcz\u0119\u015bcia na polu polityki. Byle mia\u0142 co najmniej 35 lat (Ho\u0142ownia ma 43), pe\u0142ne prawa wyborcze i zebra\u0142 co najmniej 100 tys. podpis\u00f3w z poparciem dla kandydatury. No to powodzenia.<\/p>\n<p>Ho\u0142ownia, z wykszta\u0142cenia psycholog i niedosz\u0142y dominikanin, ma du\u017cy dorobek jako pisarz i dziennikarz katolicki, udziela si\u0119 w bran\u017cy telewizyjno-rozrywkowej (co zapewne pomaga mu by\u0107 &#8222;rozpoznawalnym&#8221; i nie mie\u0107 tremy w kontaktach z publiczno\u015bci\u0105) i na polu dobroczynno\u015bci. To s\u0105 plusy.<\/p>\n<p>Ale s\u0105 i minusy: brak &#8222;rozpoznawalno\u015bci&#8221; w polityce, czyli dorobku na tym polu, brak poparcia jakiejkolwiek zorganizowanej si\u0142y politycznej, brak publicznie dost\u0119pnych sonda\u017cy pokazuj\u0105cych, na jakie poparcie m\u00f3g\u0142by liczy\u0107 w ubieganiu si\u0119 o prezydentur\u0119. Wi\u0119c po co?<\/p>\n<p>Dotykamy tu ciekawego zjawiska. Partie polityczne g\u0142\u00f3wnego nurtu przestaj\u0105 by\u0107 jedyn\u0105 &#8222;fabryk\u0105&#8221; lider\u00f3w. Rosn\u0105 w si\u0142\u0119 ruchy obywatelskie i spo\u0142eczne. W dobie internetu mo\u017cna szybko organizowa\u0107 akcje i zbiera\u0107 fundusze. A tak\u017ce lansowa\u0107 kandydat\u00f3w w wyborach wszelkich szczebli. Czemu nie spr\u00f3bowa\u0107?<\/p>\n<p>Je\u015bli prezydentem Ukrainy zosta\u0142 aktor i prawnik Wo\u0142odymyr Ze\u0142enski, to czemu prezydentem Polski nie mia\u0142by zosta\u0107 Szymon Ho\u0142ownia? Obu \u0142\u0105czy bogaty sta\u017c w programach rozrywkowych, znajomo\u015b\u0107 telewizji jako \u015brodka masowego przekazu, no i brak skandali i afer na koncie.<\/p>\n<p>Rozumiemy, \u017ce Ho\u0142ownia by\u0142by kandydatem obywatelskim, a nie wysuni\u0119tym przez jak\u0105\u015b parti\u0119 polityczn\u0105. Na gie\u0142dzie kr\u0105\u017c\u0105 ju\u017c inne kandydatury takiego rodzaju: Olgi Tokarczuk, Adama Bodnara. Ciekawe, \u017ce na razie nie s\u0142ycha\u0107, by zamierza\u0142 kandydowa\u0107 Pawe\u0142 Kasprzak z ruchu Obywatele RP, kt\u00f3ry przegra\u0142 w wyborach do Senatu z Kazimierzem Ujazdowskim, kandydatem PO, ale uzyska\u0142 spore poparcie (15 proc.).<\/p>\n<p>Jestem za tym, aby do wy\u015bcigu wystawi\u0107 najlepszych d\u017cokej\u00f3w, a w drugiej turze d\u017cokeja \/ d\u017cokejk\u0119 d\u017cokej\u00f3w.<\/p>\n","protected":false},"excerpt":{"rendered":"<p>Dotykamy tu ciekawego zjawiska.<\/p>\n","protected":false},"author":3,"featured_media":9463,"comment_status":"open","ping_status":"closed","sticky":false,"template":"","format":"standard","meta":{"footnotes":""},"categories":[1],"tags":[],"_links":{"self":[{"href":"https:\/\/blog.polityka.pl\/szostkiewicz\/wp-json\/wp\/v2\/posts\/9459"}],"collection":[{"href":"https:\/\/blog.polityka.pl\/szostkiewicz\/wp-json\/wp\/v2\/posts"}],"about":[{"href":"https:\/\/blog.polityka.pl\/szostkiewicz\/wp-json\/wp\/v2\/types\/post"}],"author":[{"embeddable":true,"href":"https:\/\/blog.polityka.pl\/szostkiewicz\/wp-json\/wp\/v2\/users\/3"}],"replies":[{"embeddable":true,"href":"https:\/\/blog.polityka.pl\/szostkiewicz\/wp-json\/wp\/v2\/comments?post=9459"}],"version-history":[{"count":4,"href":"https:\/\/blog.polityka.pl\/szostkiewicz\/wp-json\/wp\/v2\/posts\/9459\/revisions"}],"predecessor-version":[{"id":9464,"href":"https:\/\/blog.polityka.pl\/szostkiewicz\/wp-json\/wp\/v2\/posts\/9459\/revisions\/9464"}],"wp:featuredmedia":[{"embeddable":true,"href":"https:\/\/blog.polityka.pl\/szostkiewicz\/wp-json\/wp\/v2\/media\/9463"}],"wp:attachment":[{"href":"https:\/\/blog.polityka.pl\/szostkiewicz\/wp-json\/wp\/v2\/media?parent=9459"}],"wp:term":[{"taxonomy":"category","embeddable":true,"href":"https:\/\/blog.polityka.pl\/szostkiewicz\/wp-json\/wp\/v2\/categories?post=9459"},{"taxonomy":"post_tag","embeddable":true,"href":"https:\/\/blog.polityka.pl\/szostkiewicz\/wp-json\/wp\/v2\/tags?post=9459"}],"curies":[{"name":"wp","href":"https:\/\/api.w.org\/{rel}","templated":true}]}}