
{"id":9772,"date":"2020-01-11T02:17:09","date_gmt":"2020-01-11T01:17:09","guid":{"rendered":"http:\/\/szostkiewicz.blog.polityka.pl\/?p=9772"},"modified":"2020-01-12T08:12:23","modified_gmt":"2020-01-12T07:12:23","slug":"zabrala-togi-sedziom-zeby-nie-szli-w-nich-na-protest","status":"publish","type":"post","link":"https:\/\/blog.polityka.pl\/szostkiewicz\/2020\/01\/11\/zabrala-togi-sedziom-zeby-nie-szli-w-nich-na-protest\/","title":{"rendered":"Zabra\u0142a togi s\u0119dziom, \u017ceby nie szli w nich na protest"},"content":{"rendered":"\n<p>Z polskiego \u017cycia wzi\u0119ty rzadki \u017cenol. Pewna gorliwa prezeska s\u0105du okr\u0119gowego kaza\u0142a sekretariatowi zgromadzi\u0107 na najbli\u017cszy weekend s\u0119dziowskie togi pracownik\u00f3w tego s\u0105du. W poniedzia\u0142ek maj\u0105 by\u0107 s\u0119dziom zwr\u00f3cone. Na sobot\u0119 zapowiadana jest kolejna seria protest\u00f3w przeciw demonta\u017cowi niezale\u017cno\u015bci s\u0119dzi\u00f3w od nacisk\u00f3w rz\u0105dz\u0105cych polityk\u00f3w, w tym przeciwko tzw. ustawie kaga\u0144cowej.<\/p>\n\n\n\n<!--more-->\n\n\n\n<p>Do protestu maj\u0105 do\u0142\u0105czy\u0107 s\u0119dziowie z innych pa\u0144stw cz\u0142onkowskich UE na znak solidarno\u015bci z polskimi pracownikami wymiaru sprawiedliwo\u015bci, kt\u00f3rzy broni\u0105 europejskich standard\u00f3w praworz\u0105dno\u015bci. No to wszystko jasne: prezeska nie widzi potrzeby obrony tych standard\u00f3w. Przeciwnie, chce przed nimi broni\u0107 polskie s\u0105downictwo, tak jak jej szefowie z rz\u0105dz\u0105cej partii, kt\u00f3rzy maj\u0105 gdzie\u015b standardy europejskie. Rekwizycja t\u00f3g temu w\u0142a\u015bnie ma s\u0142u\u017cy\u0107, a &#8222;przy okazji&#8221; politycznej i profesjonalnej autopromocji gorliwej prezeski.<\/p>\n\n\n\n<p>Ale w rzeczywisto\u015bci swoim dzia\u0142aniem zapisa\u0142a si\u0119 ona do czarnej ksi\u0119gi &#8222;dobrej zmiany&#8221;. Kiedy przyjdzie okres rozlicze\u0144 politycznych, prawnych, moralnych z tym nieszcz\u0119snym okresem naszej najnowszej historii, prezeska i podobni jej pracownicy wymiaru sprawiedliwo\u015bci, kt\u00f3rzy zawdzi\u0119czaj\u0105 awanse swej lojalno\u015bci wobec deformy rz\u0105d\u00f3w prawa, b\u0119d\u0105 pewno t\u0142umaczyli, \u017ce tak naprawd\u0119 byli te\u017c przeciw, tylko czasy by\u0142y trudne.  Znamy ten mechanizm. Jego roze\u015bmian\u0105 twarz\u0105 sta\u0142 si\u0119 by\u0142y prokurator Stanis\u0142aw Piotrowicz. Najnowszym przyk\u0142adem serwilizmu by\u0142y reakcje pisowskich prawnik\u00f3w na wizyt\u0119 w Polsce Komisji Weneckiej.<\/p>\n\n\n\n<p>Bardzo ceni\u0119 komentarze i felietony prawnicze prof. Uniwersytetu Gda\u0144skiego Jerzego Zajad\u0142y. Odk\u0105d trwa deforma s\u0105downictwa, bacznie obserwuje jej przebieg i dramatyczne skutki. Prof. Zajad\u0142o nie pozwala si\u0119 \u0142udzi\u0107: w swych analizach i recenzjach innych autor\u00f3w zajmuj\u0105cych si\u0119 tematem wykazuje, \u017ce istniej\u0105 niepokoj\u0105ce analogie mi\u0119dzy doktryn\u0105 i praktyk\u0105 obecnej pisowskiej deformy pod nadzorem resortu Ziobry z &#8222;m\u0105dro\u015bciami&#8221; sympatyzuj\u0105cych z nazizmem niemieckich teoretyk\u00f3w prawa.<\/p>\n\n\n\n<p>Pomogli oni hitlerowcom po ich doj\u015bciu do w\u0142adzy stworzy\u0107 ,,podw\u00f3jne pa\u0144stwo&#8221;, w kt\u00f3rym przez pewien czas funkcjonowa\u0142y r\u00f3wnolegle system liberalno-demokratyczny z nazistowskim, a\u017c w ko\u0144cu ten drugi, nazistowski, zast\u0105pi\u0142 ju\u017c ca\u0142kowicie system Republiki Weimarskiej, a owocem tamtych przekszta\u0142ce\u0144 by\u0142a ludob\u00f3jcza &#8222;Dritte Reich&#8221;, kt\u00f3ra rozgo\u015bci\u0142a si\u0119 totalnie w prawie, pa\u0144stwie i spo\u0142ecze\u0144stwie niemieckim tamtego czasu. Jakie by\u0142y tego skutki dla Niemiec, Polski, Europy, wie ka\u017cdy, kto chce zna\u0107 prawd\u0119 historyczn\u0105. To jest prawda przera\u017caj\u0105ca, ale nie mo\u017cemy poprzesta\u0107 na opisie, tylko musimy zaj\u0105\u0107 stanowisko. Przeciwko &#8222;podw\u00f3jnemu pa\u0144stwu&#8221; w jego wsp\u00f3\u0142czesnej formie, dop\u00f3ki jest to mo\u017cliwe, bo deforma jeszcze nie ca\u0142kiem wypar\u0142a rz\u0105dy prawa.<\/p>\n\n\n\n<p>Kto mo\u017ce,  niech wi\u0119c w sobot\u0119 11 stycznia 2020 r. przywdzieje dos\u0142ownie lub metaforycznie tog\u0119 jako znak poparcia dla niezawis\u0142o\u015bci s\u0119dziowskiej. Jest ona fundamentem naszego bezpiecze\u0144stwa obywatelskiego i wolno\u015bci od nadu\u017cy\u0107 w\u0142adzy politycznej, kt\u00f3ra dzi\u015b w Polsce drwi z Komisji Weneckiej, europejskiej instytucji strzeg\u0105cej europejskich standard\u00f3w praworz\u0105dno\u015bci.<\/p>\n\n\n\n<p> PS. Tego palestra demokratycznej Europy, ani sama Europa nie widzia\u0142a: marsz tysi\u0119cy t\u00f3g w Warszawie przejdzie do historii, wysi\u0142ki obozu obecnej w\u0142adzy i jej propagandy, aby tego nie dostrzec albo zdezawuowa\u0107,  przejd\u0105 do kroniki g\u0142upoty i pod\u0142o\u015bci w Polsce. ,,Podw\u00f3jne pa\u0144stwo&#8221; zdemaskowane. <\/p>\n","protected":false},"excerpt":{"rendered":"<p>Z polskiego \u017cycia wzi\u0119ty rzadki \u017cenol.<\/p>\n","protected":false},"author":3,"featured_media":9779,"comment_status":"open","ping_status":"closed","sticky":false,"template":"","format":"standard","meta":{"footnotes":""},"categories":[1],"tags":[],"_links":{"self":[{"href":"https:\/\/blog.polityka.pl\/szostkiewicz\/wp-json\/wp\/v2\/posts\/9772"}],"collection":[{"href":"https:\/\/blog.polityka.pl\/szostkiewicz\/wp-json\/wp\/v2\/posts"}],"about":[{"href":"https:\/\/blog.polityka.pl\/szostkiewicz\/wp-json\/wp\/v2\/types\/post"}],"author":[{"embeddable":true,"href":"https:\/\/blog.polityka.pl\/szostkiewicz\/wp-json\/wp\/v2\/users\/3"}],"replies":[{"embeddable":true,"href":"https:\/\/blog.polityka.pl\/szostkiewicz\/wp-json\/wp\/v2\/comments?post=9772"}],"version-history":[{"count":9,"href":"https:\/\/blog.polityka.pl\/szostkiewicz\/wp-json\/wp\/v2\/posts\/9772\/revisions"}],"predecessor-version":[{"id":9784,"href":"https:\/\/blog.polityka.pl\/szostkiewicz\/wp-json\/wp\/v2\/posts\/9772\/revisions\/9784"}],"wp:featuredmedia":[{"embeddable":true,"href":"https:\/\/blog.polityka.pl\/szostkiewicz\/wp-json\/wp\/v2\/media\/9779"}],"wp:attachment":[{"href":"https:\/\/blog.polityka.pl\/szostkiewicz\/wp-json\/wp\/v2\/media?parent=9772"}],"wp:term":[{"taxonomy":"category","embeddable":true,"href":"https:\/\/blog.polityka.pl\/szostkiewicz\/wp-json\/wp\/v2\/categories?post=9772"},{"taxonomy":"post_tag","embeddable":true,"href":"https:\/\/blog.polityka.pl\/szostkiewicz\/wp-json\/wp\/v2\/tags?post=9772"}],"curies":[{"name":"wp","href":"https:\/\/api.w.org\/{rel}","templated":true}]}}