
{"id":9786,"date":"2020-01-13T04:43:43","date_gmt":"2020-01-13T03:43:43","guid":{"rendered":"http:\/\/szostkiewicz.blog.polityka.pl\/?p=9786"},"modified":"2020-01-13T16:50:52","modified_gmt":"2020-01-13T15:50:52","slug":"w-pisowskiej-telewizji-odkleil-serduszko-wosp","status":"publish","type":"post","link":"https:\/\/blog.polityka.pl\/szostkiewicz\/2020\/01\/13\/w-pisowskiej-telewizji-odkleil-serduszko-wosp\/","title":{"rendered":"W pisowskiej telewizji odklei\u0142 serduszko WO\u015aP"},"content":{"rendered":"\n<p>Z \u017cycia pisowskiej nomenklatury wzi\u0119te. Pan Fogiel, jeden z rzecznik\u00f3w partii Kaczy\u0144skiego, wykonuj\u0105c s\u0142u\u017cbowe obowi\u0105zki promowania linii partii w mediach, wyst\u0105pi\u0142 w dw\u00f3ch telewizjach. W Polsacie przylepi\u0142 sobie do klapy znaczek WO\u015aP, bo &#8222;nie ma z tym problemu&#8221; (co za akt odwagi, jak na wicerzecznika PiS!). W drugiej, TVP, wyst\u0105pi\u0142 godzin\u0119 p\u00f3\u017aniej ju\u017c bez serduszka. Tym razem argument by\u0142 taki, \u017ce nie widzi potrzeby, aby si\u0119 &#8222;afiszowa\u0107&#8221;.<\/p>\n\n\n\n<!--more-->\n\n\n\n<p>Obie uwagi rzecznika s\u0105 typowe. Owszem, nie zion\u0105\u0142 nienawi\u015bci\u0105, ale nie mia\u0142 ju\u017c odwagi powiedzie\u0107 jasno, \u017ce nie uwa\u017ca Orkiestry za dzie\u0142o szatana. Prawica przecie\u017c od lat, wesp\u00f3\u0142 ze znaczn\u0105 cz\u0119\u015bci\u0105 Ko\u015bcio\u0142a, przyprawia Orkiestrze Owsiaka g\u0119b\u0119 jakiej\u015b rozpasanej ideologii w kostiumie charytatywnym. Jest to w \u015bwiecie demokratycznym absolutne kuriozum, \u017ceby tak traktowa\u0107 najwi\u0119kszego w dziejach Polski organizatora spo\u0142ecze\u0144stwa wok\u00f3\u0142 dobrej sprawy.<\/p>\n\n\n\n<p>Jakie mo\u017ce mie\u0107 z tym problemy ktokolwiek niezaczadzony ideologicznie i niewierz\u0105cy w jakie\u015b ba\u0142amuctwa zazdro\u015bnik\u00f3w i egoist\u00f3w, kt\u00f3rzy opluwaj\u0105 dzie\u0142o Owsiaka? Co z\u0142ego jest w &#8222;afiszowaniu si\u0119&#8221; wsparciem radosnej, optymistycznej, buduj\u0105cej akcji na rzecz dobra wsp\u00f3lnego, z kt\u00f3rego mog\u0105 skorzysta\u0107 i prawicowcy, i lewicowcy, i bezpartyjni? W czym to &#8222;afiszowanie si\u0119&#8221; jest gorsze od wpinania sobie w klap\u0119 miniaturki flagi narodowej czy krzy\u017cyka?<\/p>\n\n\n\n<p>Serduszko Orkiestry to jeden z niewielu pozytywnych symboli ponad wszelkimi podzia\u0142ami. Takich jak historyczne logo Solidarno\u015bci. Na dodatek nie jest ono (tak samo jak logo) podr\u00f3bk\u0105, kopi\u0105, trawestacj\u0105 jakiego\u015b innego znaku. &#8222;Afiszowanie si\u0119&#8221; serduszkiem to moment nadziei, \u017ce nasze spo\u0142ecze\u0144stwo wci\u0105\u017c broni si\u0119 przed wciskaniem prawicowego i ko\u015bcielnego (co za anty\u015bwiadectwo!) hejtu i przed dzieleniem nas na sorty.<\/p>\n\n\n\n<p>Orkiestra dlatego budzi tak\u0105 nienawi\u015b\u0107 niekt\u00f3rych prawicowc\u00f3w czy dzia\u0142aczy katolickich, \u017ce jej nie zdo\u0142ali ani przej\u0105\u0107, ani zniszczy\u0107. Jest to zas\u0142uga Jerzego Owsiaka i wszystkich ludzi dobrej woli, kt\u00f3rzy wspieraj\u0105 jego dzie\u0142o ju\u017c od prawie 30 lat. PiS nie zdzia\u0142a\u0142 niczego r\u00f3wnie warto\u015bciowego, materialnie i moralnie, na polu spo\u0142ecznym.<\/p>\n","protected":false},"excerpt":{"rendered":"<p>Z \u017cycia pisowskiej nomenklatury wzi\u0119te.<\/p>\n","protected":false},"author":3,"featured_media":9791,"comment_status":"open","ping_status":"closed","sticky":false,"template":"","format":"standard","meta":{"footnotes":""},"categories":[1],"tags":[],"_links":{"self":[{"href":"https:\/\/blog.polityka.pl\/szostkiewicz\/wp-json\/wp\/v2\/posts\/9786"}],"collection":[{"href":"https:\/\/blog.polityka.pl\/szostkiewicz\/wp-json\/wp\/v2\/posts"}],"about":[{"href":"https:\/\/blog.polityka.pl\/szostkiewicz\/wp-json\/wp\/v2\/types\/post"}],"author":[{"embeddable":true,"href":"https:\/\/blog.polityka.pl\/szostkiewicz\/wp-json\/wp\/v2\/users\/3"}],"replies":[{"embeddable":true,"href":"https:\/\/blog.polityka.pl\/szostkiewicz\/wp-json\/wp\/v2\/comments?post=9786"}],"version-history":[{"count":4,"href":"https:\/\/blog.polityka.pl\/szostkiewicz\/wp-json\/wp\/v2\/posts\/9786\/revisions"}],"predecessor-version":[{"id":9792,"href":"https:\/\/blog.polityka.pl\/szostkiewicz\/wp-json\/wp\/v2\/posts\/9786\/revisions\/9792"}],"wp:featuredmedia":[{"embeddable":true,"href":"https:\/\/blog.polityka.pl\/szostkiewicz\/wp-json\/wp\/v2\/media\/9791"}],"wp:attachment":[{"href":"https:\/\/blog.polityka.pl\/szostkiewicz\/wp-json\/wp\/v2\/media?parent=9786"}],"wp:term":[{"taxonomy":"category","embeddable":true,"href":"https:\/\/blog.polityka.pl\/szostkiewicz\/wp-json\/wp\/v2\/categories?post=9786"},{"taxonomy":"post_tag","embeddable":true,"href":"https:\/\/blog.polityka.pl\/szostkiewicz\/wp-json\/wp\/v2\/tags?post=9786"}],"curies":[{"name":"wp","href":"https:\/\/api.w.org\/{rel}","templated":true}]}}