
{"id":9797,"date":"2020-01-17T22:45:08","date_gmt":"2020-01-17T21:45:08","guid":{"rendered":"http:\/\/szostkiewicz.blog.polityka.pl\/?p=9797"},"modified":"2020-01-17T23:43:17","modified_gmt":"2020-01-17T22:43:17","slug":"czy-polska-byla-kolonia-wenecji","status":"publish","type":"post","link":"https:\/\/blog.polityka.pl\/szostkiewicz\/2020\/01\/17\/czy-polska-byla-kolonia-wenecji\/","title":{"rendered":"Czy Polska by\u0142a koloni\u0105 Wenecji?"},"content":{"rendered":"\n<p>Jak PiS napotyka na k\u0142opot, szczuje przeciw zagranicy i opozycji. Teraz posz\u0142o o negatywn\u0105 opini\u0119 Komisji Weneckiej o ustawie &#8222;kaga\u0144cowej&#8221;, kt\u00f3rej nagle broni nie tylko minister Ziobro, ale te\u017c prezydent Duda i pose\u0142 Kaczy\u0144ski, prezes PiS. Ziobro uzna\u0142 j\u0105 za przejaw zachodniego &#8222;neokolonializmu&#8221; wobec Polski pod rz\u0105dami &#8222;zjednoczonej prawicy&#8221;.<\/p>\n\n\n\n<!--more-->\n\n\n\n<p>Czy Polska by\u0142a kiedy\u015b koloni\u0105 Wenecji? Zabawne, \u017ce Ziobro, pozuj\u0105cy na  prawicowego twardziela, si\u0119ga po j\u0119zyk lewicy, atakuj\u0105c ustalenia z niedawnej wizyty delegacji Komisji Weneckiej w Polsce.<\/p>\n\n\n\n<p>Pal ich licho. Co nas obchodzi, \u017ce dwie Beaty urz\u0105dzi\u0142y magiel w Parlamencie Europejskim, niczego innego po nich nikt si\u0119 nie spodziewa, ale zwraca uwag\u0119, \u017ce tak\u017ce prezydent Duda wiecowa\u0142 w Zwoleniu na podobnym poziomie: nie b\u0119d\u0105 nam obcy m\u00f3wi\u0107, jakie mamy mie\u0107 prawo.<\/p>\n\n\n\n<p>A w\u0142a\u015bciwie czemu nie maj\u0105 m\u00f3wi\u0107? \u017byjemy w Europie, Polska jest cz\u0142onkiem Rady Europy, kt\u00f3rej cia\u0142em doradczym jest Komisja Wenecka, i Unii Europejskiej. Kaczy\u0144ski i Duda przeplataj\u0105 obecne ataki zapewnieniami, \u017ce Polska z Unii pod ich rz\u0105dami nie wyst\u0105pi. Lecz to tylko ornament.<\/p>\n\n\n\n<p>Gdyby nie to, \u017ce za wyj\u015bciem z UE jest w Polsce zaledwie 5 proc. obywateli (sonda\u017c CBOS z ubieg\u0142ego marca), toby sobie te ornamenty odpu\u015bcili. Przecie\u017c nie mie\u015bci si\u0119 im w g\u0142owie, \u017ce kto\u015b z zewn\u0105trz mo\u017ce mie\u0107 racj\u0119, domagaj\u0105c si\u0119 wyrzucenia ustawy &#8222;kaga\u0144cowej&#8221; do kosza na legislacyjne \u015bmieci. Nie mie\u015bci si\u0119 im w g\u0142owie, \u017ce gremia europejskie i nasz Senat m\u00f3wi\u0105 w tej sprawie tym samym j\u0119zykiem obrony praworz\u0105dno\u015bci jako fundamentu demokracji.<\/p>\n\n\n\n<p>Ta seria pora\u017cek obecnej w\u0142adzy nie ko\u0144czy si\u0119 w Warszawie (odrzucenie ustawy przez wi\u0119kszo\u015b\u0107 senack\u0105) i Wenecji (negatywne wnioski KW z jej wizyty w Warszawie). Dochodzi czwartkowe o\u015bwiadczenie unijnego komisarza do spraw sprawiedliwo\u015bci, \u017ce Komisja Europejska we\u017amie pod uwag\u0119 opini\u0119 Komisji Weneckiej, wcze\u015bniejsza (z wtorku) zapowied\u017a Komisji Europejskiej, \u017ce wyst\u0105pi do Trybuna\u0142u Sprawiedliwo\u015bci Unii Europejskiej o zablokowanie dzia\u0142alno\u015bci Izby Dyscyplinarnej S\u0105du Najwy\u017cszego, i rezolucja Parlamentu Europejskiego krytykuj\u0105ca &#8222;deform\u0119&#8221; s\u0105downictwa w Polsce i na W\u0119grzech.<\/p>\n\n\n\n<p>Za rezolucj\u0105 g\u0142osowa\u0142o dwadzie\u015bcioro polskich deputowanych do PE. Ich list\u0119 skwapliwie opublikowa\u0142 wicerzecznik PiS Rados\u0142aw Fogiel (ten od odklejonego w studiu TVP serduszka WO\u015aP), pisz\u0105c, \u017ce rezolucja uderza w Polsk\u0119. Nieprawda, ona zach\u0119ca obecn\u0105 w\u0142adz\u0119 do opami\u0119tania i zej\u015bcia z &#8222;kaga\u0144cowego&#8221; manowca.<\/p>\n\n\n\n<p>Najgorzej w tej sytuacji wypada prezydent Duda. Z tych samych powod\u00f3w co zawsze: ma broni\u0107 zasad konstytucyjnych, a nie linii partii rz\u0105dz\u0105cej, a wdaje si\u0119 w wiecowe tyrady, rozpalaj\u0105ce w s\u0142uchaczach niech\u0119\u0107 do &#8222;obcych&#8221;. Co z tego, \u017ce to tylko wyborcze zagrywki. Prezydent kraju z aspiracjami nie mo\u017ce sobie pozwala\u0107 na takie chwyty i przy\u0142\u0105cza\u0107 si\u0119 do antyeuropejskiego magla.<\/p>\n","protected":false},"excerpt":{"rendered":"<p>Zabawne, \u017ce Ziobro, pozuj\u0105cy na  prawicowego twardziela, si\u0119ga po j\u0119zyk lewicy.<\/p>\n","protected":false},"author":3,"featured_media":9800,"comment_status":"open","ping_status":"closed","sticky":false,"template":"","format":"standard","meta":{"footnotes":""},"categories":[1],"tags":[],"_links":{"self":[{"href":"https:\/\/blog.polityka.pl\/szostkiewicz\/wp-json\/wp\/v2\/posts\/9797"}],"collection":[{"href":"https:\/\/blog.polityka.pl\/szostkiewicz\/wp-json\/wp\/v2\/posts"}],"about":[{"href":"https:\/\/blog.polityka.pl\/szostkiewicz\/wp-json\/wp\/v2\/types\/post"}],"author":[{"embeddable":true,"href":"https:\/\/blog.polityka.pl\/szostkiewicz\/wp-json\/wp\/v2\/users\/3"}],"replies":[{"embeddable":true,"href":"https:\/\/blog.polityka.pl\/szostkiewicz\/wp-json\/wp\/v2\/comments?post=9797"}],"version-history":[{"count":3,"href":"https:\/\/blog.polityka.pl\/szostkiewicz\/wp-json\/wp\/v2\/posts\/9797\/revisions"}],"predecessor-version":[{"id":9801,"href":"https:\/\/blog.polityka.pl\/szostkiewicz\/wp-json\/wp\/v2\/posts\/9797\/revisions\/9801"}],"wp:featuredmedia":[{"embeddable":true,"href":"https:\/\/blog.polityka.pl\/szostkiewicz\/wp-json\/wp\/v2\/media\/9800"}],"wp:attachment":[{"href":"https:\/\/blog.polityka.pl\/szostkiewicz\/wp-json\/wp\/v2\/media?parent=9797"}],"wp:term":[{"taxonomy":"category","embeddable":true,"href":"https:\/\/blog.polityka.pl\/szostkiewicz\/wp-json\/wp\/v2\/categories?post=9797"},{"taxonomy":"post_tag","embeddable":true,"href":"https:\/\/blog.polityka.pl\/szostkiewicz\/wp-json\/wp\/v2\/tags?post=9797"}],"curies":[{"name":"wp","href":"https:\/\/api.w.org\/{rel}","templated":true}]}}