
{"id":9881,"date":"2020-02-03T18:05:06","date_gmt":"2020-02-03T17:05:06","guid":{"rendered":"http:\/\/szostkiewicz.blog.polityka.pl\/?p=9881"},"modified":"2020-02-04T11:52:25","modified_gmt":"2020-02-04T10:52:25","slug":"prezydent-duda-mruga-do-gejow","status":"publish","type":"post","link":"https:\/\/blog.polityka.pl\/szostkiewicz\/2020\/02\/03\/prezydent-duda-mruga-do-gejow\/","title":{"rendered":"Prezydent Duda mruga do gej\u00f3w"},"content":{"rendered":"\n<p>Czego to pan Duda nie powie, aby wygra\u0107 wybory. Prezydent w wywiadzie dla tygodnika &#8222;Wprost&#8221; postawi\u0142 si\u0119 (no, nie wprost, tylko po\u015brednio) abp. J\u0119draszewskiemu od &#8222;t\u0119czowej zarazy&#8221;. Prezydent nie mia\u0142by problemu z podpisaniem ustawy w stylu francuskim, legalizuj\u0105cym &#8222;unie cywilne&#8221;, zwi\u0105zki partnerskie, tak\u017ce homoseksualne.<\/p>\n\n\n\n<!--more-->\n\n\n\n<p>Co za progresizm! Tylko \u017ce Duda doskonale wie, \u017ce p\u00f3ki rz\u0105dzi &#8222;zjednoczona prawica&#8221;, taka ustawa nigdy nie trafi na jego biurko. Wi\u0119c mo\u017ce sobie spokojnie baja\u0107. No i odnotujmy, \u017ce taka ustawa to i tak ju\u017c staro\u0107, bo w dojrza\u0142ych demokracjach legalizuje si\u0119 dzi\u015b &#8211; czyni\u0105 to te\u017c konserwaty\u015bci &#8211; nie unie cywilne, tylko ma\u0142\u017ce\u0144stwa homoseksualne i ich prawo do adopcji dzieci.<\/p>\n\n\n\n<p>Prezydent zdystansowa\u0142 si\u0119 te\u017c od homofobicznych &#8222;stref wolnych od ideologii LGBT&#8221;. Dobrze, bo ta deklaracja ma pewn\u0105 moc i mo\u017cna si\u0119 ni\u0105 pos\u0142u\u017cy\u0107 w kampanii przeciwko &#8222;strefom&#8221;, kt\u00f3re wyrz\u0105dzaj\u0105 \u017cywym ludziom, ich bliskim i rodzinom, a tak\u017ce wizerunkowi Polski w Europie wielk\u0105 szkod\u0119. &#8222;Strefy&#8221; to wybryk naruszaj\u0105cy prawo polskie i mi\u0119dzynarodowe, zakazuj\u0105ce dyskryminacji kogokolwiek ze wzgl\u0119du na to\u017csamo\u015b\u0107 seksualn\u0105.<\/p>\n\n\n\n<p>Prawd\u0119 m\u00f3wi\u0105c, prezydent nie powinien w tej sprawie poprzesta\u0107 na  deklaracji w prasie. Powinien z\u0142o\u017cy\u0107 oficjalne o\u015bwiadczenie jako g\u0142owa pa\u0144stwa i stra\u017cnik konstytucji, kt\u00f3ra wyra\u017anie te\u017c takiej dyskryminacji zakazuje. Tego samego nale\u017cy oczekiwa\u0107 od premiera i odpowiednich ministr\u00f3w.<\/p>\n\n\n\n<p>Ma\u0142o prawdopodobne, by Andrzej Duda zdoby\u0142 tym wywiadem popularno\u015b\u0107 w \u015brodowisku LGBT+, bo ono dobrze zna nienawistne wypowiedzi znacznej cz\u0119\u015bci prawicy i Ko\u015bcio\u0142a na ten temat. A \u017caden pisowski dygnitarz si\u0119 od nich nie odcina. Zatem to si\u0119 nie uk\u0142ada w sp\u00f3jn\u0105 ca\u0142o\u015b\u0107, jeden wywiad homofobii panuj\u0105cej na prawicy nie zdusi.<\/p>\n\n\n\n<p>Chodzi wy\u0142\u0105cznie o wyj\u015bcie Dudy z wyborczej ba\u0144ki, gdyby prezydent chcia\u0142 naprawd\u0119 zrobi\u0107 co\u015b spo\u0142ecznie post\u0119powego, ma przecie\u017c prawo do w\u0142asnej inicjatywy ustawodawczej. Ale po wywiadzie we &#8222;Wprost&#8221; Robert Biedro\u0144 mo\u017ce w\u0142a\u015bnie do tego zach\u0119ci\u0107 Dud\u0119: panie prezydencie, kiedy pan zg\u0142osi cho\u0107by projekt ustawy o zwi\u0105zkach partnerskich? To by doda\u0142o panu wiarygodno\u015bci. \u015amia\u0142o!<\/p>\n","protected":false},"excerpt":{"rendered":"<p>Ma\u0142o prawdopodobne, by Andrzej Duda zdoby\u0142 tym wywiadem popularno\u015b\u0107 w \u015brodowisku LGBT.<\/p>\n","protected":false},"author":3,"featured_media":9886,"comment_status":"open","ping_status":"closed","sticky":false,"template":"","format":"standard","meta":{"footnotes":""},"categories":[1],"tags":[],"_links":{"self":[{"href":"https:\/\/blog.polityka.pl\/szostkiewicz\/wp-json\/wp\/v2\/posts\/9881"}],"collection":[{"href":"https:\/\/blog.polityka.pl\/szostkiewicz\/wp-json\/wp\/v2\/posts"}],"about":[{"href":"https:\/\/blog.polityka.pl\/szostkiewicz\/wp-json\/wp\/v2\/types\/post"}],"author":[{"embeddable":true,"href":"https:\/\/blog.polityka.pl\/szostkiewicz\/wp-json\/wp\/v2\/users\/3"}],"replies":[{"embeddable":true,"href":"https:\/\/blog.polityka.pl\/szostkiewicz\/wp-json\/wp\/v2\/comments?post=9881"}],"version-history":[{"count":4,"href":"https:\/\/blog.polityka.pl\/szostkiewicz\/wp-json\/wp\/v2\/posts\/9881\/revisions"}],"predecessor-version":[{"id":9887,"href":"https:\/\/blog.polityka.pl\/szostkiewicz\/wp-json\/wp\/v2\/posts\/9881\/revisions\/9887"}],"wp:featuredmedia":[{"embeddable":true,"href":"https:\/\/blog.polityka.pl\/szostkiewicz\/wp-json\/wp\/v2\/media\/9886"}],"wp:attachment":[{"href":"https:\/\/blog.polityka.pl\/szostkiewicz\/wp-json\/wp\/v2\/media?parent=9881"}],"wp:term":[{"taxonomy":"category","embeddable":true,"href":"https:\/\/blog.polityka.pl\/szostkiewicz\/wp-json\/wp\/v2\/categories?post=9881"},{"taxonomy":"post_tag","embeddable":true,"href":"https:\/\/blog.polityka.pl\/szostkiewicz\/wp-json\/wp\/v2\/tags?post=9881"}],"curies":[{"name":"wp","href":"https:\/\/api.w.org\/{rel}","templated":true}]}}