
{"id":9888,"date":"2020-02-08T14:00:59","date_gmt":"2020-02-08T13:00:59","guid":{"rendered":"http:\/\/szostkiewicz.blog.polityka.pl\/?p=9888"},"modified":"2020-02-08T21:24:14","modified_gmt":"2020-02-08T20:24:14","slug":"trudne-rocznice-1920-1980-damy-rade","status":"publish","type":"post","link":"https:\/\/blog.polityka.pl\/szostkiewicz\/2020\/02\/08\/trudne-rocznice-1920-1980-damy-rade\/","title":{"rendered":"Trudne rocznice: 1920, 1980. Damy rad\u0119?"},"content":{"rendered":"\n<p>Prezydent Macron zapowiedzia\u0142, \u017ce Francja przy\u015ble reprezentacj\u0119 swych si\u0142 zbrojnych na obchody stulecia wojny polsko-bolszewickiej i bitwy warszawskiej. Ale jak te obchody b\u0119d\u0105 wygl\u0105da\u0107, czy zn\u00f3w zdominuje je wojna polsko-polska? A dodatkowo polsko-ruska?<\/p>\n\n\n\n<!--more-->\n\n\n\n<p>Nasze relacje z Kremlem s\u0105 z\u0142e jak nigdy w 30-leciu. Putin prowadzi kampani\u0119 atakuj\u0105c\u0105 Polsk\u0119 jako rzekomego kolaboranta Hitlera i inspiratora II wojny \u015bwiatowej. Moskwa ju\u017c zapowiada, \u017ce nie zaprosi przedstawiciela Polski na obchody 75-lecia zako\u0144czenia wojny. Zbiegn\u0105 si\u0119 one z wyborami prezydenckimi w Polsce. A my oczywi\u015bcie nie zaprosimy nikogo z Rosji na obchody stulecia bitwy warszawskiej, bo to by w Moskwie odebrano jako prowokacj\u0119 polskich pan\u00f3w.<\/p>\n\n\n\n<p>Ale czy s\u0142usznie? Gdyby w Polsce i Rosji u w\u0142adzy byli inni ludzie, mo\u017cna by stulecie wojny z bolszewikami przeku\u0107 we wsp\u00f3lny projekt zmiany polityki historycznej w obu krajach. W takim duchu, by nie wykorzystywa\u0107 tej rocznicy do rozpalania emocji nacjonalistycznych, ale do refleksji nad prawem narod\u00f3w do stanowienia o w\u0142asnym losie i wojnie jako narz\u0119dziu polityki, przynosz\u0105cej zgub\u0119 i cierpienie zwyk\u0142ym ludziom.<\/p>\n\n\n\n<p>Jasne, \u017ce to dzi\u015b niemo\u017cliwe i w pisowskiej Warszawie, i w Moskwie Putina. I \u017ce obecne w\u0142adze polskie prawdopodobnie ulegn\u0105 pokusie, aby wykorzysta\u0107 obchody do walki politycznej z opozycj\u0105 i Rosj\u0105. Zw\u0142aszcza je\u015bli Duda wygra wybory. Trudno sobie wyobrazi\u0107, \u017ce na trybunie honorowej staj\u0105 obok siebie dygnitarze PiS i marsza\u0142ek Grodzki, na kt\u00f3rego propaganda pisowska prowadzi nagonk\u0119.<\/p>\n\n\n\n<p>A co z by\u0142ymi prezydentami? Wszyscy trzej s\u0105 na pisowskiej czarnej li\u015bcie, czy stan\u0105 na trybunie obok marsza\u0142ka Grodzkiego? Zach\u00f3d na pewno przy\u015ble swoich delegat\u00f3w na t\u0119 uroczysto\u015b\u0107. Je\u015bli Duda przegra, a jego nast\u0119pczyni\u0105 b\u0119dzie Kidawa-B\u0142o\u0144ska, nie b\u0119dzie problemu. W przeciwnym razie byli prezydenci Polski nie stan\u0105 obok prezydenta Dudy. \u015awiat zobaczy, \u017ce nie potrafimy wsp\u00f3lnie, prawdziwie patriotycznie, z godno\u015bci\u0105 i pozytywnym, antywojennym, antyimperialnym przes\u0142aniem \u015bwi\u0119towa\u0107 chwalebnych rozdzia\u0142\u00f3w naszej historii.<\/p>\n\n\n\n<p>Podobny niepok\u00f3j budz\u0105 obchody okr\u0105g\u0142ej rocznicy porozumie\u0144 ko\u0144cz\u0105cych fal\u0119 protest\u00f3w robotniczych w 1980 r. Utorowa\u0142y drog\u0119 do powstania bezprecedensowych za \u017celazn\u0105 kurtyn\u0105, wolnych od kontroli partii komunistycznej zwi\u0105zk\u00f3w zawodowych.<\/p>\n\n\n\n<p>Zn\u00f3w b\u0119dzie problem: jak zaszczuwany Lech Wa\u0142\u0119sa ma stan\u0105\u0107 obok Piotra Dudy, szefa propisowskiej mutacji Solidarno\u015bci, a dzia\u0142acze dawnej opozycji korowskiej obok dygnitarzy usi\u0142uj\u0105cych przej\u0105\u0107 kontrol\u0119 nad Europejskim Centrum Solidarno\u015bci? Nie ma mowy. A wi\u0119c rysuje si\u0119 scenariusz powt\u00f3rki 30. rocznicy wybor\u00f3w 4 czerwca 1989 r. Zamiast razem &#8211; osobno. Osobne obchody obywatelskie, osobne rz\u0105dowo-pisowskie. Osobne przekazy historyczne i polityczne, wzajemnie sobie zaprzeczaj\u0105ce. I tak kolejna okazja, by pokaza\u0107 sobie i \u015bwiatu lepsz\u0105 stron\u0119 naszej historii, przepadnie w odm\u0119tach wzajemnej nienawi\u015bci.<\/p>\n","protected":false},"excerpt":{"rendered":"<p>Czy zn\u00f3w zdominuje je wojna polsko-polska? A dodatkowo polsko-ruska?<\/p>\n","protected":false},"author":3,"featured_media":9905,"comment_status":"open","ping_status":"closed","sticky":false,"template":"","format":"standard","meta":{"footnotes":""},"categories":[1],"tags":[],"_links":{"self":[{"href":"https:\/\/blog.polityka.pl\/szostkiewicz\/wp-json\/wp\/v2\/posts\/9888"}],"collection":[{"href":"https:\/\/blog.polityka.pl\/szostkiewicz\/wp-json\/wp\/v2\/posts"}],"about":[{"href":"https:\/\/blog.polityka.pl\/szostkiewicz\/wp-json\/wp\/v2\/types\/post"}],"author":[{"embeddable":true,"href":"https:\/\/blog.polityka.pl\/szostkiewicz\/wp-json\/wp\/v2\/users\/3"}],"replies":[{"embeddable":true,"href":"https:\/\/blog.polityka.pl\/szostkiewicz\/wp-json\/wp\/v2\/comments?post=9888"}],"version-history":[{"count":7,"href":"https:\/\/blog.polityka.pl\/szostkiewicz\/wp-json\/wp\/v2\/posts\/9888\/revisions"}],"predecessor-version":[{"id":9907,"href":"https:\/\/blog.polityka.pl\/szostkiewicz\/wp-json\/wp\/v2\/posts\/9888\/revisions\/9907"}],"wp:featuredmedia":[{"embeddable":true,"href":"https:\/\/blog.polityka.pl\/szostkiewicz\/wp-json\/wp\/v2\/media\/9905"}],"wp:attachment":[{"href":"https:\/\/blog.polityka.pl\/szostkiewicz\/wp-json\/wp\/v2\/media?parent=9888"}],"wp:term":[{"taxonomy":"category","embeddable":true,"href":"https:\/\/blog.polityka.pl\/szostkiewicz\/wp-json\/wp\/v2\/categories?post=9888"},{"taxonomy":"post_tag","embeddable":true,"href":"https:\/\/blog.polityka.pl\/szostkiewicz\/wp-json\/wp\/v2\/tags?post=9888"}],"curies":[{"name":"wp","href":"https:\/\/api.w.org\/{rel}","templated":true}]}}