
{"id":9891,"date":"2020-02-05T20:07:34","date_gmt":"2020-02-05T19:07:34","guid":{"rendered":"http:\/\/szostkiewicz.blog.polityka.pl\/?p=9891"},"modified":"2020-02-07T17:59:52","modified_gmt":"2020-02-07T16:59:52","slug":"duda-podpisal-i-co-teraz-wolni-obywatele","status":"publish","type":"post","link":"https:\/\/blog.polityka.pl\/szostkiewicz\/2020\/02\/05\/duda-podpisal-i-co-teraz-wolni-obywatele\/","title":{"rendered":"Duda podpisa\u0142. I co teraz, wolni obywatele?"},"content":{"rendered":"\n<p>Macron wyjecha\u0142, Duda podpisa\u0142 &#8222;kaga\u0144cow\u0105&#8221;. To wyra\u017any komunikat, \u017ce obecna w\u0142adza nie szuka porozumienia ani z opozycj\u0105, ani z Uni\u0105 w sprawie praworz\u0105dno\u015bci. Przesta\u0144my si\u0119 \u0142udzi\u0107. Polska przestaje by\u0107 demokratycznym pa\u0144stwem prawa. Dzieje si\u0119 to za wiedz\u0105 i zgod\u0105 obecnych rz\u0105dz\u0105cych, kt\u00f3rzy odrzucaj\u0105 wszelkie zastrze\u017cenia i ostrze\u017cenia, nieraz w spos\u00f3b arogancki i prowokacyjny.<\/p>\n\n\n\n<!--more-->\n\n\n\n<p>W tak dramatycznej sytuacji stajemy przed pytaniem, co dalej? Czy to moment krytyczny, przekroczenie czerwonej linii? Przecie\u017c nie mo\u017cemy udawa\u0107, \u017ce nic si\u0119 nie sta\u0142o, bo to po\u015brednio oznacza zgod\u0119 na zniszczenie pa\u0144stwa prawa, a wi\u0119c i otwartej demokracji, bo je\u015bli nie rz\u0105dzi prawo, tylko lider partii politycznej, je\u015bli wyroki s\u0105du nie s\u0105 wykonywane, a s\u0119dzi\u00f3w &#8222;dyscyplinuje si\u0119&#8221; za orzeczenia i wypowiedzi sprzeczne nie z prawem, lecz z obowi\u0105zuj\u0105c\u0105 w tym momencie lini\u0105 partii rz\u0105dz\u0105cej, to demokracja znika wraz z pa\u0144stwem praworz\u0105dnym. A wraz z nimi znika bezpiecze\u0144stwo obywateli, w tym niepokornych, przed nadu\u017cyciami w\u0142adzy.<\/p>\n\n\n\n<p>Nie \u0142ud\u017amy si\u0119 tak\u017ce, \u017ce b\u0119dzie lepiej. Obecna w\u0142adza s\u0142abnie, zaczyna si\u0119 jej dekompozycja, wi\u0119c zaostrzy kurs wobec ludzi i instytucji nastawionych do niej krytycznie.<\/p>\n\n\n\n<p>Podpisanie przez Dud\u0119 ustawy kaga\u0144cowej oznacza, \u017ce obecna w\u0142adza nie zamierza si\u0119 liczy\u0107 ani z opozycj\u0105, ani z Uni\u0105 w kwestii praworz\u0105dno\u015bci. A mo\u017ce i w \u017cadnej innej. A poniewa\u017c niezastosowanie si\u0119 przez obecn\u0105 w\u0142adz\u0119 w Polsce do prawa europejskiego oznacza otwarty konflikt z gremiami europejskimi, ro\u015bnie niepok\u00f3j o cz\u0142onkostwo Polski w UE.<\/p>\n\n\n\n<p>Je\u015bli wi\u0119c kto\u015b nie zgadza si\u0119 z polityk\u0105 obecnej w\u0142adzy, staje przed pytaniem, jak si\u0119 dalej wobec niej zachowa\u0107, skoro ona sama ignoruje wszelk\u0105 racjonaln\u0105 i patriotyczn\u0105 krytyk\u0119 swej polityki w jakiejkolwiek dziedzinie. Czy s\u0142yszeli\u015bcie, by ktokolwiek z dygnitarzy i aparatczyk\u00f3w w\u0142adzy przyzna\u0142 kiedykolwiek racj\u0119 publicznie przeciwnikowi politycznemu albo osobie maj\u0105cej inne zdanie, mimo \u017ce racja faktycznie by\u0142a po jej stronie?<\/p>\n\n\n\n<p>Znam takich, co maj\u0105 tak do\u015b\u0107, \u017ce na but\u0119 odpowiadaj\u0105 prywatnym bojkotem medi\u00f3w kontrolowanych przez PiS. A w wolnych od tej kontroli mediach wy\u0142\u0105czaj\u0105 foni\u0119, jak tylko na ekranie pojawia si\u0119 kto\u015b z obozu w\u0142adzy.<\/p>\n\n\n\n<p>Czyli niemy rz\u0105d w odpowiedzi na niemy Sejm, w kt\u00f3rym pos\u0142om opozycji zabrania si\u0119 doko\u0144czy\u0107 wyst\u0105pienia lub po prostu wy\u0142\u0105cza mikrofon. S\u0105 tacy, kt\u00f3rzy uwa\u017caj\u0105, \u017ce chodzenie do medi\u00f3w &#8222;dobrej zmiany&#8221;, aby dyskutowa\u0107 w nich o polityce, to kwiatek do ko\u017cucha i u\u017cyteczny dla w\u0142adzy  idiotyzm.<\/p>\n\n\n\n<p>Jeszcze inni udzielaj\u0105 si\u0119 w r\u00f3\u017cnych formach obywatelskich protest\u00f3w, wspieraj\u0105 finansowo, broni\u0105 w dyskusjach w rodzinie i ze znajomymi. No i oczywi\u015bcie chodz\u0105 g\u0142osowa\u0107 w wyborach. 10 maja te\u017c p\u00f3jd\u0105. To minimum tego, co mo\u017cna teraz zrobi\u0107 dla demokratycznego pa\u0144stwa prawa.<\/p>\n","protected":false},"excerpt":{"rendered":"<p>Przesta\u0144my si\u0119 \u0142udzi\u0107. Polska przestaje by\u0107 demokratycznym pa\u0144stwem prawa.<\/p>\n","protected":false},"author":3,"featured_media":9898,"comment_status":"open","ping_status":"closed","sticky":false,"template":"","format":"standard","meta":{"footnotes":""},"categories":[1],"tags":[],"_links":{"self":[{"href":"https:\/\/blog.polityka.pl\/szostkiewicz\/wp-json\/wp\/v2\/posts\/9891"}],"collection":[{"href":"https:\/\/blog.polityka.pl\/szostkiewicz\/wp-json\/wp\/v2\/posts"}],"about":[{"href":"https:\/\/blog.polityka.pl\/szostkiewicz\/wp-json\/wp\/v2\/types\/post"}],"author":[{"embeddable":true,"href":"https:\/\/blog.polityka.pl\/szostkiewicz\/wp-json\/wp\/v2\/users\/3"}],"replies":[{"embeddable":true,"href":"https:\/\/blog.polityka.pl\/szostkiewicz\/wp-json\/wp\/v2\/comments?post=9891"}],"version-history":[{"count":7,"href":"https:\/\/blog.polityka.pl\/szostkiewicz\/wp-json\/wp\/v2\/posts\/9891\/revisions"}],"predecessor-version":[{"id":9899,"href":"https:\/\/blog.polityka.pl\/szostkiewicz\/wp-json\/wp\/v2\/posts\/9891\/revisions\/9899"}],"wp:featuredmedia":[{"embeddable":true,"href":"https:\/\/blog.polityka.pl\/szostkiewicz\/wp-json\/wp\/v2\/media\/9898"}],"wp:attachment":[{"href":"https:\/\/blog.polityka.pl\/szostkiewicz\/wp-json\/wp\/v2\/media?parent=9891"}],"wp:term":[{"taxonomy":"category","embeddable":true,"href":"https:\/\/blog.polityka.pl\/szostkiewicz\/wp-json\/wp\/v2\/categories?post=9891"},{"taxonomy":"post_tag","embeddable":true,"href":"https:\/\/blog.polityka.pl\/szostkiewicz\/wp-json\/wp\/v2\/tags?post=9891"}],"curies":[{"name":"wp","href":"https:\/\/api.w.org\/{rel}","templated":true}]}}