
{"id":9946,"date":"2020-02-15T21:30:46","date_gmt":"2020-02-15T20:30:46","guid":{"rendered":"http:\/\/szostkiewicz.blog.polityka.pl\/?p=9946"},"modified":"2020-02-16T21:15:50","modified_gmt":"2020-02-16T20:15:50","slug":"pisopolo-a-jak-ci-sie-nie-podoba-to-fak-z-toba","status":"publish","type":"post","link":"https:\/\/blog.polityka.pl\/szostkiewicz\/2020\/02\/15\/pisopolo-a-jak-ci-sie-nie-podoba-to-fak-z-toba\/","title":{"rendered":"PiSoPolo. A jak ci si\u0119 nie podoba, to fak z tob\u0105"},"content":{"rendered":"\n<p>Joanna Lichocka nie by\u0142a pierwsza. Przed ni\u0105 zha\u0144bi\u0142 fakiem etos parlamentarny inny pose\u0142 PiS &#8211; Piotr Pyziak. Frakcja pisowska stan\u0119\u0142a murem w jego obronie. Bo reagowa\u0142 na rzekome &#8222;chamstwo&#8221; PO.<\/p>\n\n\n\n<!--more-->\n\n\n\n<p>Sejmowa komisja etyki ukara\u0142a go tylko upomnieniem, ale wyborcy wymierzyli prawdziw\u0105 kar\u0119: przepad\u0142 w wyborach do Sejmu w zesz\u0142ym roku. To mo\u017ce by\u0107 prognostyk na najbli\u017csz\u0105 przysz\u0142o\u015b\u0107. PiS straci\u0142 impet, buksuje w b\u0142ocie afer i skandali, zacz\u0105\u0142 zje\u017cd\u017ca\u0107 po r\u00f3wni pochy\u0142ej. Lichocka my\u015bla\u0142a, \u017ce fakuje demokratyczn\u0105 opozycj\u0119, a sfakowa\u0142a siebie i PiS.<\/p>\n\n\n\n<p>\u015aledzi\u0142em uwa\u017cnie posiedzenie Sejmu, kt\u00f3re przejdzie do historii politycznej nie dlatego, \u017ce minister Kami\u0144ski nie zosta\u0142 odwo\u0142any ze stanowiska, bo wi\u0119kszo\u015b\u0107 pisowska go obroni\u0142a, ale w\u0142a\u015bnie z powodu wulgarnego gestu pisowskiej pos\u0142anki. Niedawno \u015bledzi\u0142em dyskusje brytyjskiej Izby Gmin na temat wyj\u015bcia z Unii Europejskiej. Debata by\u0142a gor\u0105ca, ale merytoryczna, temat fundamentalny dla przysz\u0142o\u015bci Wysp,   emocji nie brakowa\u0142o, ale nikt nie fakowa\u0142, cho\u0107 chamski gest nosi nazw\u0119 wzi\u0119t\u0105 z angielskiego.<\/p>\n\n\n\n<p>Dwie rzeczy przyku\u0142y moj\u0105 uwag\u0119 podczas nocnej sesji Sejmu. Najpierw rozbawienie w \u0142awach rz\u0105dowych, wype\u0142nionych g\u0142\u00f3wnie m\u0119\u017cczyznami w r\u00f3\u017cnym wieku, kobiet by\u0142o na lekarstwo, za to wy\u015bciska\u0142y si\u0119 z Kami\u0144skim tak samo ostentacyjnie jak ci od Ziobry. Wida\u0107 by\u0142o, \u017ce czuj\u0105 si\u0119 doskonale w swoim towarzystwie i maj\u0105 podobne podej\u015bcie do problem\u00f3w pa\u0144stwa i prawa jak pose\u0142 Lichocka czy by\u0142a premier Szyd\u0142o, kt\u00f3ra teraz z Brukseli ma dowodzi\u0107 kampani\u0105 prezydenta Dudy.<\/p>\n\n\n\n<p>Rz\u0105dowa druga linia nie wygl\u0105da\u0142a na zainteresowan\u0105 obradami. Przewijali smartfony, gadali mi\u0119dzy sob\u0105, ekstatycznie \u015bciskali d\u0142o\u0144 Kami\u0144skiego, mniejszo\u015b\u0107 kobieca mia\u0142a k\u0142opot z przebiciem si\u0119 do ministra w tym samym celu. Silni, zwarci, gotowi, niestraszne im j\u0119zyki obce ani gwizdy obywateli. Tak im fajnie ze sob\u0105 by\u0142o, \u017ce nawet premiera niespecjalnie s\u0142uchali. Bo po co? Wyniki g\u0142osowa\u0144 by\u0142y z g\u00f3ry znane.<\/p>\n\n\n\n<p>Tylko Kami\u0144ski siedzia\u0142 ze sfinksow\u0105 min\u0105, kiedy opozycja uzasadnia\u0142a wniosek o jego odwo\u0142anie z funkcji. Ale chyba nie dlatego, \u017ce pracowa\u0142o w nim sumienie, tylko dlatego, \u017ceby potem wyg\u0142osi\u0107 z trybuny pean na cze\u015b\u0107 specresort\u00f3w pod jego nadzorem, a wi\u0119c i na cze\u015b\u0107 siebie samego, a nast\u0119pnie odrzuci\u0107 wszystkie zarzuty. Pisowski szef sejmowej komisji spraw wewn\u0119trznych ju\u017c wcze\u015bniej rekomendowa\u0142 odrzucenie wniosku, a podczas wyst\u0105pienia Kami\u0144skiego dola\u0142 mu &#8211; jak wierny lokaj &#8211; wody do karafki.<\/p>\n\n\n\n<p>Wiem i szczerze wsp\u00f3\u0142czuj\u0119, \u017ce sytuacja w Sejmie zdominowanym przez pisowsk\u0105 wi\u0119kszo\u015b\u0107 musi by\u0107 dla opozycji trudna nie tylko politycznie, ale i psychologicznie, a nawet estetycznie, jako \u017ce obecni notable urod\u0105 i manierami raczej nie grzesz\u0105, za to paraduj\u0105 w markowych ciuchach, bo przecie\u017c to te\u017c Europejczycy, tylko jeszcze lepszego sortu od tych z Brukseli.<\/p>\n\n\n\n<p>Pos\u0142owie opozycji chc\u0105c nie chc\u0105c musz\u0105 ogl\u0105da\u0107 ten lichy polityczny teatr, wyst\u0119py premiera i ministra, ale ju\u017c nie autora scenariusza i re\u017cysera widowiska, kt\u00f3ry te\u017c czasem si\u0119 na sali obrad \u015bmieje, czasem irytuje, a czasem traci nim zainteresowanie, bo boli go kolano, a zako\u0144czenie zna lepiej ni\u017c ktokolwiek na sali.<\/p>\n\n\n\n<p>Ale niech nas to nie zmyli. To rzecz druga. Scenariusze na ko\u0144cu pisze historia, a aktorami s\u0105 ostatecznie obywatele. Kiedy Lichocka pokazywa\u0142a faka opozycji, a wi\u0119c i milionom ludzi, kt\u00f3rzy na ni\u0105 g\u0142osowali &#8211; a by\u0142o ich wi\u0119cej ni\u017c wyborc\u00f3w Kaczy\u0144skiego &#8211; w Polsce wci\u0105\u017c mieli\u0142y m\u0142yny &#8222;dobrej zmiany&#8221;, ale nie ziarno na m\u0105k\u0119, tylko polityczne i ekonomiczne problemy, kt\u00f3re skumuluj\u0105 si\u0119 wkr\u00f3tce tak, \u017ce wszyscy je poczujemy, wyborcy Kaczy\u0144skiego i Dudy r\u00f3wnie\u017c, a nawet oni sami, cho\u0107 dzi\u015b odgradza ich od rzeczywisto\u015bci pancerna karoseria limuzyn dla VIP-\u00f3w RP i ch\u00f3r dworskich pochlebc\u00f3w.<\/p>\n\n\n\n<p>Tymczasem w realu dro\u017cyzna, inwestycji nie przybywa, tromtadrackie obietnice posz\u0142y si\u0119 buja\u0107 (ale to my za nie zap\u0142acimy), jak ostatnio w Ostro\u0142\u0119ce, wy\u015bmiewa si\u0119 z ekologii i kryzysu klimatycznego, udaje zainteresowanie problemami demografii, o\u015bwiaty, ochrony zdrowia, promuje truj\u0105ce g\u00f3rnictwo, Unia nie odpuszcza w sprawie praworz\u0105dno\u015bci, \u0142ajba propagandy nabiera wody, nawet wyborcom Kaczy\u0144skiego nie mie\u015bci si\u0119 w g\u0142owie, \u017ce mo\u017cna okrada\u0107 PCK z legitymacj\u0105 PiS w kieszeni.<\/p>\n\n\n\n<p>No a Kidawa-B\u0142o\u0144ska wci\u0105\u017c prowadzi w sonda\u017cach w\u015br\u00f3d rywali Dudy, a do ludzi dociera, m.in. dzi\u0119ki takim lwicom jak Lichocka, Kempa i Paw\u0142owicz, \u017ce Duda i PiS to naczynia idealnie po\u0142\u0105czone, r\u0119ka r\u0119k\u0119 myje, noga nog\u0119 wspiera.<\/p>\n\n\n\n<p>I opozycja demokratyczna ju\u017c dostrzega, \u017ce w kampanii prezydenckiej musi pokaza\u0107, i\u017c Duda i Kaczy\u0144ski to politycznie syjamscy bracia, kt\u00f3rzy &#8222;reformuj\u0105&#8221; Rzeczpospolit\u0105 tak, by zosta\u0142o z niej tyle, ile oni zechc\u0105 i na ile oni pozwol\u0105. A kto ma uwagi, temu fak.<\/p>\n","protected":false},"excerpt":{"rendered":"<p>Duda i PiS to naczynia idealnie po\u0142\u0105czone, r\u0119ka r\u0119k\u0119 myje, noga nog\u0119 wspiera.<\/p>\n","protected":false},"author":3,"featured_media":9958,"comment_status":"open","ping_status":"closed","sticky":false,"template":"","format":"standard","meta":{"footnotes":""},"categories":[1],"tags":[],"_links":{"self":[{"href":"https:\/\/blog.polityka.pl\/szostkiewicz\/wp-json\/wp\/v2\/posts\/9946"}],"collection":[{"href":"https:\/\/blog.polityka.pl\/szostkiewicz\/wp-json\/wp\/v2\/posts"}],"about":[{"href":"https:\/\/blog.polityka.pl\/szostkiewicz\/wp-json\/wp\/v2\/types\/post"}],"author":[{"embeddable":true,"href":"https:\/\/blog.polityka.pl\/szostkiewicz\/wp-json\/wp\/v2\/users\/3"}],"replies":[{"embeddable":true,"href":"https:\/\/blog.polityka.pl\/szostkiewicz\/wp-json\/wp\/v2\/comments?post=9946"}],"version-history":[{"count":10,"href":"https:\/\/blog.polityka.pl\/szostkiewicz\/wp-json\/wp\/v2\/posts\/9946\/revisions"}],"predecessor-version":[{"id":9957,"href":"https:\/\/blog.polityka.pl\/szostkiewicz\/wp-json\/wp\/v2\/posts\/9946\/revisions\/9957"}],"wp:featuredmedia":[{"embeddable":true,"href":"https:\/\/blog.polityka.pl\/szostkiewicz\/wp-json\/wp\/v2\/media\/9958"}],"wp:attachment":[{"href":"https:\/\/blog.polityka.pl\/szostkiewicz\/wp-json\/wp\/v2\/media?parent=9946"}],"wp:term":[{"taxonomy":"category","embeddable":true,"href":"https:\/\/blog.polityka.pl\/szostkiewicz\/wp-json\/wp\/v2\/categories?post=9946"},{"taxonomy":"post_tag","embeddable":true,"href":"https:\/\/blog.polityka.pl\/szostkiewicz\/wp-json\/wp\/v2\/tags?post=9946"}],"curies":[{"name":"wp","href":"https:\/\/api.w.org\/{rel}","templated":true}]}}