
{"id":9969,"date":"2020-02-19T23:24:04","date_gmt":"2020-02-19T22:24:04","guid":{"rendered":"http:\/\/szostkiewicz.blog.polityka.pl\/?p=9969"},"modified":"2020-02-20T13:47:21","modified_gmt":"2020-02-20T12:47:21","slug":"trzech-panow-na-p-czyli-znow-sciema","status":"publish","type":"post","link":"https:\/\/blog.polityka.pl\/szostkiewicz\/2020\/02\/19\/trzech-panow-na-p-czyli-znow-sciema\/","title":{"rendered":"Trzech pan\u00f3w na &#8222;pe&#8221;, czyli zn\u00f3w \u015bciema"},"content":{"rendered":"\n<p>Nie dajmy si\u0119 nabra\u0107 na te akcje i kontrakcje Banasiowe. Sprawa jest powa\u017cna, bo chodzi w niej o poszanowanie zasady niezale\u017cno\u015bci NIK, ale teraz chodzi o co innego. O \u017ca\u0142osne pr\u00f3by odwr\u00f3cenia uwagi od palca Lichockiej i katastrofy wizerunkowej obecnej w\u0142adzy z tego palca zrodzonej.<\/p>\n\n\n\n<!--more-->\n\n\n\n<p>Absurdalne, bo jednocze\u015bnie s\u0105 one bulwersuj\u0105cym przejawem walk frakcyjnych tocz\u0105cych si\u0119 w obozie &#8222;zjednoczonej prawicy&#8221;. I to ca\u0142kiem jawnie, w stylu latynoskim czy sycyliskim, tyle \u017ce bez broni palnej. I z ca\u0142kowicie niekonstytucyjnym wykorzystywaniem do nich instytucji pa\u0144stwowych. Takie rzeczy gro\u017c\u0105 doszcz\u0119tnym zniszczeniem ich autorytetu. Bo co z tego, \u017ce robi\u0105 swoje na ni\u017cszych szczeblach urz\u0119dniczych, kiedy ryba psuje si\u0119 od g\u0142owy.<\/p>\n\n\n\n<p>Nie do\u015b\u0107, \u017ce najnowsze wrzutki do medi\u00f3w \u2013 pr\u00f3cz Banasia u\u015bmiechni\u0119ty sztab prezydenta Dudy z notablami PiS, Brudzi\u0144skim, Bielanem, Szyd\u0142o i aresztowanie nawr\u00f3conego na prawdom\u00f3wno\u015b\u0107 &#8222;agenta Tomka&#8221; \u2013 s\u0105 pokaz\u00f3wkami, to jeszcze niechc\u0105cy ods\u0142aniaj\u0105 destrukcj\u0119 pa\u0144stwa. Bo sk\u0142ad sztabu dowodzi, \u017ce prezydent nawet nie udaje, \u017ce rozsta\u0142 si\u0119 z PiS.<\/p>\n\n\n\n<p>Prezes, premier i prezydent to jedna dru\u017cyna, ten sam ob\u00f3z polityczny, ten sam plan utrzymania si\u0119 u w\u0142adzy jak najd\u0142u\u017cej. To si\u0119 mo\u017ce podoba\u0107 pisowskiemu elektoratowi, ale powinno niepokoi\u0107 opini\u0119 publiczn\u0105, bo partia rz\u0105dz\u0105ca kontroluje dzi\u015b organ pa\u0144stwowy podaj\u0105cy oficjalny wynik wybor\u00f3w prezydenckich.<\/p>\n\n\n\n<p>Nie wiemy, kto zast\u0105pi prezesa, ale to nie jest takie wa\u017cne, bo ktokolwiek go zast\u0105pi, nie b\u0119dzie mia\u0142 jego hipnotycznej w\u0142adzy nad rzeszami. Nie wiemy, jak sko\u0144czy si\u0119 rywalizacja o prezydentur\u0119, ani jak d\u0142ugo utrzyma si\u0119 premier Morawiecki. Wiemy, \u017ce nie s\u0105 liderami na miar\u0119 potrzeb i wyzwa\u0144, jakie staj\u0105 dzi\u015b przed Polsk\u0105 i Europ\u0105. S\u0105 to wyzwania ekonomiczne, cywilizacyjne, ekologiczne, polityczne.<\/p>\n\n\n\n<p>Polska pod rz\u0105dami PiS nie jest gotowa ich podj\u0105\u0107. Odcina si\u0119 od idei integracji w ramach Unii Europejskiej, nie chce zaj\u0105\u0107 jasnego stanowiska w \u017cadnej wa\u017cnej dla niej sprawie, lawiruje mi\u0119dzy Bruksel\u0105 a Waszyngtonem Trumpa, gdy ekipa Trumpa izoluje si\u0119 od UE. Nie w\u0142\u0105cza si\u0119 w walk\u0119 ze skutkami zmian klimatu, nie wypracowuje nowej polityki energetycznej, wik\u0142a si\u0119 w od\u015brodkowe inicjatywy typu &#8222;Tr\u00f3jmorze&#8221;. Idzie na konfrontacj\u0119 w kwestii praworz\u0105dno\u015bci, ryzykuj\u0105c utrat\u0119 cz\u0119\u015bci funduszy unijnych.<\/p>\n\n\n\n<p>A co zyska\u0142a? Jakie ma realne, a nie propagandowe osi\u0105gni\u0119cia? W jakich wa\u017cnych mi\u0119dzynarodowych rankingach posz\u0142a wyra\u017anie w g\u00f3r\u0119, a nie spad\u0142a? Nie potrafi nawet wyci\u0105gn\u0105\u0107 wniosk\u00f3w edukacyjnych z zagranicznych sukces\u00f3w utalentowanej m\u0142odzie\u017cy ani ucieszy\u0107 si\u0119 z Nobla Olgi Tokarczuk, za to sieje chaos w o\u015bwiacie i kulturze. Jakich zyska\u0142a sojusznik\u00f3w w Europie, z kt\u00f3rymi umocni\u0142a licz\u0105c\u0105 si\u0119 wsp\u00f3\u0142prac\u0119? Nawet Watykan wci\u0105\u017c oci\u0105ga si\u0119 z mianowaniem nowego kardyna\u0142a spo\u015br\u00f3d polskiego episkopatu, cho\u0107 obecna w\u0142adza ostentacyjnie chadza z biskupami pod r\u0119k\u0119.<\/p>\n\n\n\n<p>Przypomnijmy, \u017ce w ubieg\u0142orocznych wyborach parlamentarnych na PiS pad\u0142o mniej g\u0142os\u00f3w (8 mln) ni\u017c na opozycj\u0119 (KO, SLD, PSL, 8,8 mln), a Bronis\u0142aw Komorowski w pierwszej turze mia\u0142 zaledwie 1 proc. g\u0142os\u00f3w mniej ni\u017c Andrzej Duda, a w drugiej przegra\u0142 3 proc. Obecna w\u0142adza nie powinna wi\u0119c zachowywa\u0107 si\u0119 tak, jakby mia\u0142a wi\u0119kszo\u015b\u0107 w elektoracie, a kryzys, jaki dzi\u015b przechodzi, zwi\u0119ksza szanse demokratycznych si\u0142 opozycyjnych nie tylko w nadchodz\u0105cych wyborach.<\/p>\n","protected":false},"excerpt":{"rendered":"<p>Nawet Watykan wci\u0105\u017c oci\u0105ga si\u0119 z mianowaniem nowego kardyna\u0142a spo\u015br\u00f3d polskiego episkopatu.<\/p>\n","protected":false},"author":3,"featured_media":9885,"comment_status":"open","ping_status":"closed","sticky":false,"template":"","format":"standard","meta":{"footnotes":""},"categories":[1],"tags":[],"_links":{"self":[{"href":"https:\/\/blog.polityka.pl\/szostkiewicz\/wp-json\/wp\/v2\/posts\/9969"}],"collection":[{"href":"https:\/\/blog.polityka.pl\/szostkiewicz\/wp-json\/wp\/v2\/posts"}],"about":[{"href":"https:\/\/blog.polityka.pl\/szostkiewicz\/wp-json\/wp\/v2\/types\/post"}],"author":[{"embeddable":true,"href":"https:\/\/blog.polityka.pl\/szostkiewicz\/wp-json\/wp\/v2\/users\/3"}],"replies":[{"embeddable":true,"href":"https:\/\/blog.polityka.pl\/szostkiewicz\/wp-json\/wp\/v2\/comments?post=9969"}],"version-history":[{"count":7,"href":"https:\/\/blog.polityka.pl\/szostkiewicz\/wp-json\/wp\/v2\/posts\/9969\/revisions"}],"predecessor-version":[{"id":9977,"href":"https:\/\/blog.polityka.pl\/szostkiewicz\/wp-json\/wp\/v2\/posts\/9969\/revisions\/9977"}],"wp:featuredmedia":[{"embeddable":true,"href":"https:\/\/blog.polityka.pl\/szostkiewicz\/wp-json\/wp\/v2\/media\/9885"}],"wp:attachment":[{"href":"https:\/\/blog.polityka.pl\/szostkiewicz\/wp-json\/wp\/v2\/media?parent=9969"}],"wp:term":[{"taxonomy":"category","embeddable":true,"href":"https:\/\/blog.polityka.pl\/szostkiewicz\/wp-json\/wp\/v2\/categories?post=9969"},{"taxonomy":"post_tag","embeddable":true,"href":"https:\/\/blog.polityka.pl\/szostkiewicz\/wp-json\/wp\/v2\/tags?post=9969"}],"curies":[{"name":"wp","href":"https:\/\/api.w.org\/{rel}","templated":true}]}}