
{"id":9979,"date":"2020-02-22T14:17:44","date_gmt":"2020-02-22T13:17:44","guid":{"rendered":"http:\/\/szostkiewicz.blog.polityka.pl\/?p=9979"},"modified":"2020-02-22T21:42:06","modified_gmt":"2020-02-22T20:42:06","slug":"przepraszam-czy-tu-gryza","status":"publish","type":"post","link":"https:\/\/blog.polityka.pl\/szostkiewicz\/2020\/02\/22\/przepraszam-czy-tu-gryza\/","title":{"rendered":"Przepraszam, czy tu gryz\u0105?"},"content":{"rendered":"\n<p>Pani Jolanta Turczynowicz-Kiery\u0142\u0142o ma by\u0107 odpowiedzi\u0105 sztabu prezydenta Dudy na Ma\u0142gorzat\u0119 Kidaw\u0119-B\u0142o\u0144sk\u0105. Dlatego k\u0142uje w oczy swoim czerwonym p\u0142aszczem i pierwsza wysiada z &#8222;Dudabusu&#8221; na wyborczych spotkaniach z mieszka\u0144cami Polski powiatowej.<\/p>\n\n\n\n<!--more-->\n\n\n\n<p>Ma pokaza\u0107, \u017ce w otoczeniu prezydenta te\u017c jest elegancka, kulturalna, wykszta\u0142cona kobieta, a nie tylko samce alfa. Tylko \u017ce to si\u0119 k\u0142\u00f3ci z ludowym wizerunkiem Dudy, kt\u00f3ry jego sztab chce sprzedawa\u0107 ludowym wyborcom. Teraz dosz\u0142y nowe k\u0142opoty, a to dopiero pocz\u0105tek oficjalnej kampanii.<\/p>\n\n\n\n<p>PiS lustruje przesz\u0142o\u015b\u0107 swych politycznych konkurent\u00f3w, ale nie swoich ludzi. Dlatego sam nara\u017ca si\u0119 na wpadki, kt\u00f3re mog\u0105 mu bardzo zaszkodzi\u0107 w odbiorze spo\u0142ecznym. Zgrzyt przyszed\u0142 ju\u017c po kilkudziesi\u0119ciu godzinach od prezentacji sztabu prezydenta. Zamiast rozkr\u0119ca\u0107 kampani\u0119, sztab musi zarz\u0105dza\u0107 kryzysem.<\/p>\n\n\n\n<p>Proste i uczciwe rozwi\u0105zanie, czyli dymisja pani Kiery\u0142\u0142o, nie wchodzi jednak w gr\u0119, bo by\u0142oby przyznaniem si\u0119 do b\u0142\u0119du, podrywaj\u0105cym zaufanie do Dudy w elektoracie PiS.<\/p>\n\n\n\n<p>Najpierw pani Kiery\u0142\u0142o b\u0142ysn\u0119\u0142a uwagami o potrzebie ograniczenia wolno\u015bci s\u0142owa w niekt\u00f3rych sytuacjach. Temat dobry na uniwersytecie, ale nie w kampanii. W ustach bliskiej wsp\u00f3\u0142pracownicy czynnego polityka jej s\u0142owa zabrzmia\u0142y fa\u0142szywie, a nawet jak gro\u017aba.<\/p>\n\n\n\n<p>Ale w mediach ju\u017c pe\u0142no o innej bulwersuj\u0105cej sprawie z udzia\u0142em Turczynowicz-Kiery\u0142\u0142o. Wed\u0142ug relacji prasowych obecna szefowa kampanii roznosi\u0142a ulotki w \u015brodku nocy przed wyborami samorz\u0105dowymi w 2018 r. A tego zabrania kodeks wyborczy, kt\u00f3ry prawniczka powinna zna\u0107 i przestrzega\u0107 jego postanowie\u0144. Gdy pewien m\u0119\u017cczyzna, czuwaj\u0105cy nad przestrzeganiem prawa,  interweniowa\u0142, mia\u0142a ugry\u017a\u0107 go w r\u0119k\u0119 podczas szamotaniny. Relacje s\u0105 udokumentowane. <\/p>\n\n\n\n<p>Mimo to przeciwko Turczynowicz-Kiery\u0142\u0142o nie wytoczono \u015bledztwa w sprawie naruszenia prawa wyborczego. Co gorsza, p. Kiery\u0142lo wik\u0142a si\u0119 w swych wyja\u015bnieniach. Jak cho\u0107by wtedy, gdy m\u00f3wi, \u017ce chcia\u0142a broni\u0107 swego dziecka. Kto wyprowadza dziecko na spacer w listopadzie noc\u0105?<\/p>\n\n\n\n<p>Kadry PiS, jakie s\u0105, ka\u017cdy widzi i s\u0142yszy, s\u0142uchaj\u0105c polityk\u00f3w &#8222;zjednoczonej prawicy&#8221; pokroju pose\u0142 Lichockiej czy ministra Wosia. Pani Kiery\u0142\u0142o mia\u0142a by\u0107 inna, mia\u0142a by\u0107 \u017cywym, mi\u0142ym dla oka i ucha dowodem, \u017ce wezwania prezydenta Dudy do kultury w rywalizacji politycznej nie s\u0105 go\u0142os\u0142owne.  Tymczasem sprawa staje si\u0119 obci\u0105\u017ceniem na \u017cyczenie jego w\u0142asnego sztabu, kt\u00f3ry nie do\u0142o\u017cy\u0142 nale\u017cytych stara\u0144, aby uchroni\u0107 Dud\u0119 przed k\u0142opotem. Trudno uzna\u0107 pierwsze dni szefowej za udane.<\/p>\n\n\n\n<p>Mo\u017cna r\u00f3\u017cnie ocenia\u0107 zawodowy dorobek pani adwokat, to odr\u0119bny, acz ciekawy temat. Ale nie ka\u017cdy adwokat nadaje si\u0119 na szefa politycznej kampanii. Pomys\u0142 z &#8222;kontr-Kidaw\u0105&#8221; nie wypali\u0142. Gra toczy si\u0119 dalej.<\/p>\n","protected":false},"excerpt":{"rendered":"<p>Jolanta Turczynowicz-Kiery\u0142\u0142o ma by\u0107 odpowiedzi\u0105 sztabu prezydenta Dudy na Ma\u0142gorzat\u0119 Kidaw\u0119-B\u0142o\u0144sk\u0105.<\/p>\n","protected":false},"author":3,"featured_media":9987,"comment_status":"open","ping_status":"closed","sticky":false,"template":"","format":"standard","meta":{"footnotes":""},"categories":[1],"tags":[],"_links":{"self":[{"href":"https:\/\/blog.polityka.pl\/szostkiewicz\/wp-json\/wp\/v2\/posts\/9979"}],"collection":[{"href":"https:\/\/blog.polityka.pl\/szostkiewicz\/wp-json\/wp\/v2\/posts"}],"about":[{"href":"https:\/\/blog.polityka.pl\/szostkiewicz\/wp-json\/wp\/v2\/types\/post"}],"author":[{"embeddable":true,"href":"https:\/\/blog.polityka.pl\/szostkiewicz\/wp-json\/wp\/v2\/users\/3"}],"replies":[{"embeddable":true,"href":"https:\/\/blog.polityka.pl\/szostkiewicz\/wp-json\/wp\/v2\/comments?post=9979"}],"version-history":[{"count":9,"href":"https:\/\/blog.polityka.pl\/szostkiewicz\/wp-json\/wp\/v2\/posts\/9979\/revisions"}],"predecessor-version":[{"id":9990,"href":"https:\/\/blog.polityka.pl\/szostkiewicz\/wp-json\/wp\/v2\/posts\/9979\/revisions\/9990"}],"wp:featuredmedia":[{"embeddable":true,"href":"https:\/\/blog.polityka.pl\/szostkiewicz\/wp-json\/wp\/v2\/media\/9987"}],"wp:attachment":[{"href":"https:\/\/blog.polityka.pl\/szostkiewicz\/wp-json\/wp\/v2\/media?parent=9979"}],"wp:term":[{"taxonomy":"category","embeddable":true,"href":"https:\/\/blog.polityka.pl\/szostkiewicz\/wp-json\/wp\/v2\/categories?post=9979"},{"taxonomy":"post_tag","embeddable":true,"href":"https:\/\/blog.polityka.pl\/szostkiewicz\/wp-json\/wp\/v2\/tags?post=9979"}],"curies":[{"name":"wp","href":"https:\/\/api.w.org\/{rel}","templated":true}]}}