
{"id":10814,"date":"2023-07-05T13:24:47","date_gmt":"2023-07-05T11:24:47","guid":{"rendered":"http:\/\/szwarcman.blog.polityka.pl\/?p=10814"},"modified":"2023-07-05T13:24:47","modified_gmt":"2023-07-05T11:24:47","slug":"wokol-pendereckiego","status":"publish","type":"post","link":"https:\/\/blog.polityka.pl\/szwarcman\/2023\/07\/05\/wokol-pendereckiego\/","title":{"rendered":"Wok\u00f3\u0142 Pendereckiego"},"content":{"rendered":"\n<p>Od niego wczorajszy koncert festiwalu NDI Sopot Classic si\u0119 zacz\u0105\u0142 i ka\u017cdy w\u0142a\u015bciwie utw\u00f3r by\u0142 z nim zwi\u0105zany.<\/p>\n\n\n\n<!--more-->\n\n\n\n<p>Tak\u017ce poniek\u0105d ten autorstwa m\u0142odego Korea\u0144czyka Sangjuna Lee pt. <em>Jwibulnori for 19 Strings<\/em> &#8211; bo zdoby\u0142 najwy\u017csz\u0105, drug\u0105 nagrod\u0119 (pierwszej nie przyznano) na 7. Konkursie Kompozytorskim im. Krzysztofa Pendereckiego, organizowanym przez Polsk\u0105 Filharmoni\u0119 Kameraln\u0105 Sopot z inicjatywy jej szefa Wojciecha Rajskiego. Student warszawskiego UMFC zdoby\u0142 w tym roku <a href=\"https:\/\/chopin.edu.pl\/szczegoly-aktualnosci\/2610_sangjun-lee-laureatem-6-konkursow-kompozytorskich\">sze\u015b\u0107 nagr\u00f3d<\/a> na konkursach kompozytorskich, wi\u0119c naprawd\u0119 dobrze rokuje. Zagadkowy tytu\u0142 dotyczy szczeg\u00f3lnej zabawy zwi\u0105zanej z obchodami korea\u0144skiego Nowego Roku, kt\u00f3ra kiedy\u015b polega\u0142a na znanym i u nas szkodliwym zwyczaju palenia suchych traw, kt\u00f3ry obecnie przerodzi\u0142 si\u0119 w zabawy ma\u0142ymi \u015bwiate\u0142kami. Nie czyta\u0142am wcze\u015bniej om\u00f3wienia, wi\u0119c s\u0142ucha\u0142am po prostu brzmie\u0144: akord\u00f3w z\u0142o\u017conych z brzmie\u0144 alikwotowych, kr\u00f3tkich motyw\u00f3w, coraz wi\u0119kszego zag\u0119szczenia dysonans\u00f3w. W sumie &#8211; muzyka niezbyt skomplikowana, ale te\u017c nie za \u0142atwa.<\/p>\n\n\n\n<p>PFK gra\u0142a, podobnie jak dwa lata temu, pod batut\u0105 Rafa\u0142a Janiaka, kt\u00f3ry by\u0142 te\u017c jurorem w tym konkursie. A program koncertu, poza nagrodzonym utworem, sk\u0142ada\u0142 si\u0119 z dzie\u0142, kt\u00f3re pojawi\u0142y si\u0119 r\u00f3wnie\u017c na wydanej w\u0142a\u015bnie przez DUX p\u0142ycie <em><a href=\"http:\/\/sopotclassic.pl\/penderecki\/\">Penderecki in memoriam<\/a><\/em>. Elegijna <em>Sinfonietta nr 2<\/em> Pendereckiego na ob\u00f3j i orkiestr\u0119 smyczkow\u0105, z motywami znanymi z <em>Ubu kr\u00f3la<\/em>, jest wersj\u0105 tego utworu, kt\u00f3ry w oryginale przeznaczony by\u0142 na klarnet z orkiestr\u0105 smyczkow\u0105 (a w tej z kolei formie zosta\u0142 przerobiony przez kompozytora z <em>Kwartetu na klarnet i trio smyczkowe<\/em>). Solist\u0105 by\u0142 Mariusz P\u0119dzia\u0142ek, znakomity muzyk z Krakowa, swego czasu dzia\u0142aj\u0105cy w Stowarzyszeniu Muzyka Centrum wykonuj\u0105cym tw\u00f3rczo\u015b\u0107 wsp\u00f3\u0142czesn\u0105. On tak\u017ce wykona\u0142 parti\u0119 solow\u0105 w <em>Lamento<\/em> Joanny Wnuk-Nazarowej (r\u00f3wnie\u017c jurorki konkursu), kr\u00f3tkim utworze o charakterze zgodnym z tytu\u0142em, kt\u00f3ry powsta\u0142 w latach 80., ale, jak powiedzia\u0142a nam potem kompozytorka, zosta\u0142 przerobiony z wcze\u015bniejszego, na sopran i orkiestr\u0119 symfoniczn\u0105. Teraz zamiast sopranu jest ob\u00f3j, ale te\u017c pi\u0142a, kt\u00f3rej brzmienie jak z horror\u00f3w pojawia si\u0119 w momentach kulminacyjnych. Przy okazji mia\u0142am te\u017c spotkanie po latach &#8211; jak si\u0119 okaza\u0142o, na pile gra\u0142 Andrzej S\u0142awomir Kie\u0142bowicz, kt\u00f3ry w latach 80. przez nied\u0142ugi czas by\u0142 dyrygentem ch\u00f3ru Ars Antiqua, w kt\u00f3rym \u015bpiewa\u0142am (pasowa\u0142 go na nast\u0119pc\u0119 nasz szef-za\u0142o\u017cyciel Maciej Ja\u015bkiewicz, kiedy &#8222;wybiera\u0142 wolno\u015b\u0107&#8221; w Kanadzie). P\u00f3\u017aniej s\u0142ysza\u0142am tylko o tym, jak gra\u0142 na pile na \u015blubach w Pa\u0142acyku Szustra i pary ustawia\u0142y si\u0119 pono\u0107 w kolejce, by tak\u0105 atrakcj\u0119 na swoim \u015blubie mie\u0107. Nie mia\u0142am poj\u0119cia, \u017ce by\u0142 kiedy\u015b kr\u00f3tko dyrektorem Opery i Filharmonii Ba\u0142tyckiej (jeszcze gdy dzia\u0142a\u0142y razem, na pocz\u0105tku lat 90.). A na pile rzeczywi\u015bcie gra \u015bwietnie.<\/p>\n\n\n\n<p>Podczas koncertu zosta\u0142 te\u017c wy\u015bwietlony film <em>Wspomnienie o Krzysztofie Pendereckim<\/em>. Po prawdzie jest to kola\u017c z\u0142o\u017conych z kawa\u0142k\u00f3w r\u00f3\u017cnych dokument\u00f3w o kompozytorze i program\u00f3w telewizyjnych z jego udzia\u0142em, znajduj\u0105cych si\u0119 w archiwum TVP. Nic tam nie ma oryginalnego, ale kola\u017c te\u017c trzeba umie\u0107 u\u0142o\u017cy\u0107 i zrobi\u0142a to scenarzystka Eliza Orzechowska, nie wiem wi\u0119c, jaka tu jest rola Kaliny Cyz (obecnie na czele TVP Kultura), kt\u00f3ra figuruje jako re\u017cyserka. Ale powspomina\u0107 tak barwn\u0105 posta\u0107 zawsze mi\u0142o.<\/p>\n","protected":false},"excerpt":{"rendered":"<p>Od niego wczorajszy koncert festiwalu NDI Sopot Classic si\u0119 zacz\u0105\u0142 i ka\u017cdy w\u0142a\u015bciwie utw\u00f3r by\u0142 z nim zwi\u0105zany.<\/p>\n","protected":false},"author":3,"featured_media":0,"comment_status":"open","ping_status":"closed","sticky":false,"template":"","format":"standard","meta":{"footnotes":""},"categories":[1],"tags":[],"_links":{"self":[{"href":"https:\/\/blog.polityka.pl\/szwarcman\/wp-json\/wp\/v2\/posts\/10814"}],"collection":[{"href":"https:\/\/blog.polityka.pl\/szwarcman\/wp-json\/wp\/v2\/posts"}],"about":[{"href":"https:\/\/blog.polityka.pl\/szwarcman\/wp-json\/wp\/v2\/types\/post"}],"author":[{"embeddable":true,"href":"https:\/\/blog.polityka.pl\/szwarcman\/wp-json\/wp\/v2\/users\/3"}],"replies":[{"embeddable":true,"href":"https:\/\/blog.polityka.pl\/szwarcman\/wp-json\/wp\/v2\/comments?post=10814"}],"version-history":[{"count":1,"href":"https:\/\/blog.polityka.pl\/szwarcman\/wp-json\/wp\/v2\/posts\/10814\/revisions"}],"predecessor-version":[{"id":10815,"href":"https:\/\/blog.polityka.pl\/szwarcman\/wp-json\/wp\/v2\/posts\/10814\/revisions\/10815"}],"wp:attachment":[{"href":"https:\/\/blog.polityka.pl\/szwarcman\/wp-json\/wp\/v2\/media?parent=10814"}],"wp:term":[{"taxonomy":"category","embeddable":true,"href":"https:\/\/blog.polityka.pl\/szwarcman\/wp-json\/wp\/v2\/categories?post=10814"},{"taxonomy":"post_tag","embeddable":true,"href":"https:\/\/blog.polityka.pl\/szwarcman\/wp-json\/wp\/v2\/tags?post=10814"}],"curies":[{"name":"wp","href":"https:\/\/api.w.org\/{rel}","templated":true}]}}