
{"id":10973,"date":"2023-10-14T00:05:52","date_gmt":"2023-10-13T22:05:52","guid":{"rendered":"http:\/\/szwarcman.blog.polityka.pl\/?p=10973"},"modified":"2023-10-14T00:05:52","modified_gmt":"2023-10-13T22:05:52","slug":"trzy-razy-e-moll","status":"publish","type":"post","link":"https:\/\/blog.polityka.pl\/szwarcman\/2023\/10\/14\/trzy-razy-e-moll\/","title":{"rendered":"Trzy razy e-moll"},"content":{"rendered":"\n<p>Pierwszy wiecz\u00f3r fina\u0142\u00f3w za nami. Dobrze, \u017ce te trzy <em>Koncerty e-moll<\/em> by\u0142y tak r\u00f3\u017cne.<\/p>\n\n\n\n<!--more-->\n\n\n\n<p>Angie Zhang &#8211; pierwsze s\u0142owo, jakie mi przychodzi do g\u0142owy na temat jej interpretacji, to elegancja. Drugie &#8211; wyczucie. Trzecie &#8211; emocje. To by\u0142 bardzo liryczny koncert, bardzo subtelny, z pi\u0119knie rozplanowanymi frazami. Ale i zadzierzysto\u015bci nie brak\u0142o w fina\u0142owym krakowiaczku. S\u0142uchanie jej by\u0142o prawdziw\u0105 przyjemno\u015bci\u0105, cho\u0107 pleyel czasem brzmia\u0142 bardzo cicho i zacz\u0119\u0142am si\u0119 obawia\u0107, czy tej wspania\u0142ej fortepianistki nie spotka co\u015b podobnego do tego, co poprzednim razem spotka\u0142o Ablogina. Oby nie.<\/p>\n\n\n\n<p>Yonghuan Zhong zmieni\u0142 instrument na erarda i dzi\u0119ki temu brzmia\u0142 dono\u015bniej. Mnie ta interpretacja wybitnie nie podesz\u0142a. Bardziej energiczna ni\u017c liryczna &#8211; to mo\u017ce jeszcze nie by\u0142oby z\u0142e, ale w sumie by\u0142o  raczej sztywno, brzmia\u0142o jak etiudy. Po oklaskach kolega stwierdzi\u0142: &#8222;oklaskiwano erarda&#8221; &#8211; co\u015b w tym jest; m\u0142odziutki (18 lat) pianista troch\u0119 si\u0119 tym zach\u0142ysn\u0105\u0142, to jako\u015b nie m\u00f3g\u0142 zej\u015b\u0107 ze sceny, a\u017c musia\u0142 po niego przyj\u015b\u0107 Vaclav Luks.<\/p>\n\n\n\n<p>Eric Guo wr\u00f3ci\u0142 do pleyela i pokaza\u0142 Chopina fantazyjnego i poetyckiego, a nawet wzruszaj\u0105cego, a w finale &#8211; figlarnego. Ciekawe, \u017ce pod jego palcami pleyel brzmia\u0142 dono\u015bniej, cho\u0107 i subtelnych pian nie brak\u0142o.<\/p>\n\n\n\n<p>Niestety akompaniament by\u0142 wielkim rozczarowaniem, mo\u017ce tym wi\u0119kszym, \u017ce po tej orkiestrze ({oh!} Orkiestra Historyczna) i tym dyrygencie (Vaclav Luks) spodziewali\u015bmy si\u0119 wi\u0119cej. Ale ca\u0142a sekcja d\u0119ta oraz kotlista to go\u015bcie z r\u00f3\u017cnych kraj\u00f3w, by\u0107 mo\u017ce te\u017c mieli za ma\u0142o czasu, \u017ceby porz\u0105dnie po\u0107wiczy\u0107. Zbyt dono\u015bne kot\u0142y bardzo razi\u0142y, podobnie blacha; strasznie si\u0119 wybija\u0142y i psu\u0142y efekt. Wszyscy byli p\u00f3\u017aniej wywo\u0142ywani do uk\u0142on\u00f3w, nie wiem za co. Mo\u017ce drugiego dnia b\u0119dzie lepiej. Ale ja wracam dopiero na koncert laureat\u00f3w.<\/p>\n","protected":false},"excerpt":{"rendered":"<p>Pierwszy wiecz\u00f3r fina\u0142\u00f3w za nami. Dobrze, \u017ce te trzy Koncerty e-moll by\u0142y tak r\u00f3\u017cne.<\/p>\n","protected":false},"author":3,"featured_media":0,"comment_status":"open","ping_status":"closed","sticky":false,"template":"","format":"standard","meta":{"footnotes":""},"categories":[1],"tags":[],"_links":{"self":[{"href":"https:\/\/blog.polityka.pl\/szwarcman\/wp-json\/wp\/v2\/posts\/10973"}],"collection":[{"href":"https:\/\/blog.polityka.pl\/szwarcman\/wp-json\/wp\/v2\/posts"}],"about":[{"href":"https:\/\/blog.polityka.pl\/szwarcman\/wp-json\/wp\/v2\/types\/post"}],"author":[{"embeddable":true,"href":"https:\/\/blog.polityka.pl\/szwarcman\/wp-json\/wp\/v2\/users\/3"}],"replies":[{"embeddable":true,"href":"https:\/\/blog.polityka.pl\/szwarcman\/wp-json\/wp\/v2\/comments?post=10973"}],"version-history":[{"count":1,"href":"https:\/\/blog.polityka.pl\/szwarcman\/wp-json\/wp\/v2\/posts\/10973\/revisions"}],"predecessor-version":[{"id":10974,"href":"https:\/\/blog.polityka.pl\/szwarcman\/wp-json\/wp\/v2\/posts\/10973\/revisions\/10974"}],"wp:attachment":[{"href":"https:\/\/blog.polityka.pl\/szwarcman\/wp-json\/wp\/v2\/media?parent=10973"}],"wp:term":[{"taxonomy":"category","embeddable":true,"href":"https:\/\/blog.polityka.pl\/szwarcman\/wp-json\/wp\/v2\/categories?post=10973"},{"taxonomy":"post_tag","embeddable":true,"href":"https:\/\/blog.polityka.pl\/szwarcman\/wp-json\/wp\/v2\/tags?post=10973"}],"curies":[{"name":"wp","href":"https:\/\/api.w.org\/{rel}","templated":true}]}}