
{"id":11220,"date":"2024-04-22T00:16:31","date_gmt":"2024-04-21T22:16:31","guid":{"rendered":"http:\/\/szwarcman.blog.polityka.pl\/?p=11220"},"modified":"2024-04-22T00:17:41","modified_gmt":"2024-04-21T22:17:41","slug":"pinokio-bez-dlugiego-nosa","status":"publish","type":"post","link":"https:\/\/blog.polityka.pl\/szwarcman\/2024\/04\/22\/pinokio-bez-dlugiego-nosa\/","title":{"rendered":"Pinokio bez d\u0142ugiego nosa"},"content":{"rendered":"\n<p>Raz podobno nawet si\u0119 wyd\u0142u\u017ca, ale mo\u017cna tego nie zauwa\u017cy\u0107. Nie ma w og\u00f3le takiej potrzeby &#8211; wszystko jest wyra\u017cone ta\u0144cem.<\/p>\n\n\n\n<!--more-->\n\n\n\n<p>Dawno nie by\u0142o tak dobrej premiery w Operze Narodowej. Co cieszy szczeg\u00f3lnie z paru powod\u00f3w. Po pierwsze, ten nowy znakomity spektakl przeznaczony jest dla dzieci (cho\u0107 oczywi\u015bcie dla doros\u0142ych te\u017c). Po drugie, mamy mo\u017cno\u015b\u0107 zapozna\u0107 si\u0119 z kolejnym dzie\u0142em Mieczys\u0142awa Wajnberga.<\/p>\n\n\n\n<p>W oryginale nie by\u0142 to <em>Pinokio<\/em>, lecz<em> Z\u0142oty kluczyk<\/em>, kt\u00f3rego libretto oparte jest na sztuce Aleksieja To\u0142stoja <em>Buratino<\/em>, b\u0119d\u0105cej wariacj\u0105 na temat <em>Pinokia<\/em>. Jednak autorki spektaklu, choreografka Anna Hop i dyrygentka Marta Kluczy\u0144ska, postanowi\u0142y odnie\u015b\u0107 si\u0119 do pierwotnego dzie\u0142a Carla Collodiego, kt\u00f3re jest powszechnie znane dzieciom tak\u017ce w Polsce, inaczej ni\u017c <em>Buratino<\/em>.<\/p>\n\n\n\n<p>Musia\u0142y te\u017c, formuj\u0105c akcj\u0119, dokona\u0107 dopasowania fragment\u00f3w muzycznych do tre\u015bci. Wysz\u0142o znakomicie, trudno si\u0119 domy\u015bli\u0107, \u017ce mog\u0142oby to brzmie\u0107 inaczej. Do tego urocza, pomys\u0142owa scenografia Ma\u0142gorzaty Szab\u0142owskiej (do kt\u00f3rej nale\u017ca\u0142a te\u017c praca ze \u015bwiat\u0142em i multimedia) i kostiumy Katarzyny Rott. Autorki doda\u0142y troch\u0119 postaci, kt\u00f3rych nie ma ani u Collodiego, ani u To\u0142stoja &#8211; s\u0105 to przede wszystkim inne postacie wyrze\u017abione przez Geppetta, jak wilk i trzy \u015bwinki, zegar z kuku\u0142k\u0105 czy orkiestra \u017co\u0142nierzyk\u00f3w. W morzu pokazane s\u0105 t\u0142umy morskich stwor\u00f3w, a obok per\u0142op\u0142aw\u00f3w, ryb i ukwia\u0142\u00f3w pokazuj\u0105 si\u0119 tam czy ma\u0142e kolorowe krewetki &#8211; uczennice szko\u0142y baletowej.<\/p>\n\n\n\n<p>Czarne charaktery, Kot i Lis (Kot jest tu kocic\u0105, odwrotnie ni\u017c u To\u0142stoja, gdzie jest Lisica i Kot, a u Collodiego z kolei to dw\u00f3ch zbir\u00f3w), maj\u0105 tu wiele zb\u00f3jeckiego wdzi\u0119ku i ta\u0144cz\u0105 ze sob\u0105 tango grane przez saksofon (tu przypominaj\u0105 si\u0119 m\u0142odzie\u0144cze warszawskie cha\u0142tury kompozytora). Inne ta\u0144ce, polki czy walce, przypominaj\u0105 troch\u0119 Szostakowicza, ale og\u00f3lnie to muzyka bardzo wajnbergowska, charakterystyczna dla tw\u00f3rczo\u015bci z lat 50., jeszcze \u0142agodnie przyst\u0119pnej, uwodz\u0105cej melodiami.<\/p>\n\n\n\n<p>Miejmy nadziej\u0119, \u017ce ten balet pozostanie na d\u0142u\u017cej w repertuarze TWON. W najbli\u017cszym czasie zostanie pokazany we wtorek, we \u015brod\u0119 (dwa razy), a tak\u017ce w czwartek i w pi\u0105tek. I to tyle na ten sezon.<\/p>\n\n\n\n<p><a href=\"https:\/\/www.youtube.com\/watch?v=grhp7ygLsOA\">Troch\u0119 muzyki<\/a> na zach\u0119t\u0119.<\/p>\n","protected":false},"excerpt":{"rendered":"<p>Raz podobno nawet si\u0119 wyd\u0142u\u017ca, ale mo\u017cna tego nie zauwa\u017cy\u0107. Nie ma w og\u00f3le takiej potrzeby &#8211; wszystko jest wyra\u017cone ta\u0144cem.<\/p>\n","protected":false},"author":3,"featured_media":0,"comment_status":"open","ping_status":"closed","sticky":false,"template":"","format":"standard","meta":{"footnotes":""},"categories":[1],"tags":[],"_links":{"self":[{"href":"https:\/\/blog.polityka.pl\/szwarcman\/wp-json\/wp\/v2\/posts\/11220"}],"collection":[{"href":"https:\/\/blog.polityka.pl\/szwarcman\/wp-json\/wp\/v2\/posts"}],"about":[{"href":"https:\/\/blog.polityka.pl\/szwarcman\/wp-json\/wp\/v2\/types\/post"}],"author":[{"embeddable":true,"href":"https:\/\/blog.polityka.pl\/szwarcman\/wp-json\/wp\/v2\/users\/3"}],"replies":[{"embeddable":true,"href":"https:\/\/blog.polityka.pl\/szwarcman\/wp-json\/wp\/v2\/comments?post=11220"}],"version-history":[{"count":2,"href":"https:\/\/blog.polityka.pl\/szwarcman\/wp-json\/wp\/v2\/posts\/11220\/revisions"}],"predecessor-version":[{"id":11223,"href":"https:\/\/blog.polityka.pl\/szwarcman\/wp-json\/wp\/v2\/posts\/11220\/revisions\/11223"}],"wp:attachment":[{"href":"https:\/\/blog.polityka.pl\/szwarcman\/wp-json\/wp\/v2\/media?parent=11220"}],"wp:term":[{"taxonomy":"category","embeddable":true,"href":"https:\/\/blog.polityka.pl\/szwarcman\/wp-json\/wp\/v2\/categories?post=11220"},{"taxonomy":"post_tag","embeddable":true,"href":"https:\/\/blog.polityka.pl\/szwarcman\/wp-json\/wp\/v2\/tags?post=11220"}],"curies":[{"name":"wp","href":"https:\/\/api.w.org\/{rel}","templated":true}]}}