
{"id":12269,"date":"2025-12-22T01:13:59","date_gmt":"2025-12-22T00:13:59","guid":{"rendered":"https:\/\/blog.polityka.pl\/szwarcman\/?p=12269"},"modified":"2025-12-22T01:13:59","modified_gmt":"2025-12-22T00:13:59","slug":"wsiasc-do-pociagu","status":"publish","type":"post","link":"https:\/\/blog.polityka.pl\/szwarcman\/2025\/12\/22\/wsiasc-do-pociagu\/","title":{"rendered":"Wsi\u0105\u015b\u0107 do poci\u0105gu&#8230;"},"content":{"rendered":"\n<p>&#8230;nie byle jakiego, tylko Poci\u0105gu Wype\u0142nionego Muzyk\u0105 &#8211; skr\u00f3t jakby znajomy, i s\u0142usznie. Na zako\u0144czenie obchod\u00f3w jubileuszowych Polskiego Wydawnictwa Muzycznego odby\u0142o si\u0119 wydarzenie szalone.<\/p>\n\n\n\n<!--more-->\n\n\n\n<p>Tym bardziej szalone, \u017ce zosta\u0142o wymy\u015blone w ostatniej chwili. Po prostu zosta\u0142y niewykorzystane pieni\u0105dze z jubileuszowej ministerialnej dotacji celowej, wi\u0119c trzeba by\u0142o je wyda\u0107 do ko\u0144ca roku. PWM poprosi\u0142 do pomocy krakowsk\u0105 agencj\u0119 Event Factory, kt\u00f3ra wsp\u00f3\u0142organizuje festiwale prowadzone przez Filipa Berkowicza: kiedy\u015b w Krakowie (Misteria Paschalia, Sacrum Profanum, Opera Rara), teraz w Gda\u0144sku (Actus Humanus) i w Tychach (Auksodrone),. To by\u0142 strza\u0142 w dziesi\u0105tk\u0119, bo wszystkie te imprezy s\u0105 fantastycznie zorganizowane i zawsze ze zrozumieniem dla potrzeb artyst\u00f3w. I to dzi\u0119ki wsp\u00f3lnej burzy m\u00f3zg\u00f3w zapad\u0142a decyzja: rusza \u017c\u00f3\u0142ty poci\u0105g (\u017c\u00f3\u0142ty to kolor PWM), przez niekt\u00f3rych z\u0142o\u015bliwie przezwany Z\u0142otym Poci\u0105giem. (Mnie si\u0119 od razu przypomnia\u0142 wierszyk z dzieci\u0144stwa: &#8222;Co to za poci\u0105g? Co to za poci\u0105g? Pyta jask\u00f3\u0142ka robi\u0105c korkoci\u0105g&#8221;, a ze starszych jeszcze <a href=\"https:\/\/www.youtube.com\/watch?v=24UeMQrfFOg\">piosenka o weso\u0142ym poci\u0105gu<\/a>, kt\u00f3rej tekst przerabia\u0142o si\u0119 niemi\u0142osiernie).<\/p>\n\n\n\n<p>Poci\u0105g jecha\u0142 prawie przez ca\u0142y dzie\u0144 &#8211; czasem wolniutko, czasem z postojami technicznymi, czasem z przewidzianymi, jak w \u0141odzi Widzewie, Warszawie Centralnej i Malborku. Zastanawia\u0142am si\u0119 wcze\u015bniej, czy by nie pojecha\u0107 do Krakowa, \u017ceby ruszy\u0107 stamt\u0105d, no i pewnie bym si\u0119 zez\u0142o\u015bci\u0142a, gdybym przysz\u0142a na peron wczesnym rankiem i okaza\u0142oby si\u0119, \u017ce \u017c\u00f3\u0142ta lokomotywa (bo ca\u0142y poci\u0105g by\u0142 rzeczywi\u015bcie \u017c\u00f3\u0142ty) si\u0119 popsu\u0142a i trzeba sprowadzi\u0107 inn\u0105, \u017ceby poci\u0105gn\u0119\u0142a ca\u0142y sk\u0142ad. Podobno do dyspozycji by\u0142y dwie:<a href=\"https:\/\/gniezno.naszemiasto.pl\/na-stacji-w-gnieznie-pojawil-sie-krol-boleslaw-pkp-odslania-jubileuszowa-lokomotywe\/ar\/c1p2-27484487\"> Boles\u0142aw Chrobry<\/a> i Maryla Rodowicz; wybrano t\u0119 pierwsz\u0105, co rzeczywi\u015bcie wygl\u0105da\u0142o dostojnie, a najwa\u017cniejsze, \u017ce dojechali\u015bmy ju\u017c bez przeszk\u00f3d na miejsce.<\/p>\n\n\n\n<p>Wsiad\u0142am wi\u0119c ostatecznie w Warszawie i w zwi\u0105zku z tym omin\u0119\u0142y mnie koncerty Kwartetu \u015al\u0105skiego, Macieja Fr\u0105ckiewicza, Magdaleny i Bart\u0142omieja Dusi\u00f3w, Joanny Freszel i Bart\u0142omieja Kominka, a tak\u017ce Royal String Quartet. Wys\u0142ucha\u0142am jednak paru innych (nie wszystkich niestety) po drodze z Warszawy: Mateusza Kowalskiego graj\u0105cego pi\u0119knie mazurki z wczesnych opus\u00f3w Chopina (6 i 7), Agaty i Wojciecha Szymczewskich (utwory Wieniawskiego, Bacewicz i Paderewskiego) oraz proMODERN (nietypowo: <a href=\"https:\/\/www.youtube.com\/watch?v=hjoHxJBBTyI\"><em>10 lutowych pie\u015bni \u017co\u0142nierskich<\/em> Lutos\u0142awskiego<\/a>). Obawia\u0142am si\u0119, jak to b\u0119dzie, czy nie b\u0119dzie za du\u017cego ha\u0142asu, ale okaza\u0142o si\u0119, \u017ce wagon koncertowy (pod nazw\u0105 LUTOS\u0141AWSKI) jest specjaln\u0105 salonk\u0105 konferencyjn\u0105, wyciszon\u0105 fabrycznie &#8211; nawet nie wiedzia\u0142am, \u017ce takie istniej\u0105. Wszyscy wykonawcy byli zachwyceni intymnymi warunkami, brakiem dystansu i \u017cywymi reakcjami. S\u0142uchacze te\u017c. Podziwiali\u015bmy zw\u0142aszcza skrzypaczk\u0119, kt\u00f3ra usta\u0142a i gra\u0142a jak zawsze bez pud\u0142a &#8211; powiedzia\u0142a, \u017ce w razie czego skrzypce na szcz\u0119\u015bcie s\u0105 ubezpieczone. Przerwy mi\u0119dzy wyst\u0119pami wype\u0142nione by\u0142y &#8211; podobnie jak na Auksodrone &#8211; przez sety DJ duetu HCH. Koncerty by\u0142y te\u017c na peronach i wywo\u0142ywa\u0142y niema\u0142\u0105 sensacj\u0119: najpierw kilka fanfar i chora\u0142\u00f3w bo\u017conarodzeniowych w wykonaniu zespo\u0142u d\u0119tego Tubicinatores Gedanenses (w s\u0142u\u017cbowych strojach), a potem jeszcze gra\u0142o Motion Trio.<\/p>\n\n\n\n<p>Ale s\u0142uchanie koncert\u00f3w to by\u0142a tylko jedna z wielu rzeczy, kt\u00f3re mo\u017cna by\u0142o robi\u0107 w tym poci\u0105gu. W wagonie nr 1 (CHOPIN) by\u0142a strefa ciszy: mo\u017cna by\u0142o poczyta\u0107 albo pos\u0142ucha\u0107 muzyki na s\u0142uchawkach. Za nim WIENIAWSKI &#8211; wiadomo, \u017ce ten kompozytor lubi\u0142 sobie dobrze podje\u015b\u0107, wi\u0119c nietrudno zgadn\u0105\u0107, \u017ce by\u0142 to wagon restauracyjny (menu by\u0142o inspirowane muzyk\u0105; w tym pokaz kulinarny Mateusza Gesslera); na stolikach by\u0142y te\u017c roz\u0142o\u017cone numery &#8222;Ruchu Muzycznego&#8221;, wi\u0119c mo\u017cna by\u0142o sobie poczyta\u0107 przy jedzeniu, cho\u0107 to niepi\u0119kny zwyczaj. Wagon SZYMANOWSKI spe\u0142nia\u0142 rol\u0119 klubow\u0105: ma\u0142y bufet, siedziska, stoisko z ksi\u0105\u017ckami i tzw. Strefa Ruchu, czyli otwarte ministudio,  kt\u00f3rym redaktorzy &#8222;Ruchu Muzycznego&#8221; przeprowadzali wywiady z muzykami, kompozytorami i autorami wydawnictw. I jeszcze wagon BACEWICZ, gdzie w ka\u017cdym przedziale dzia\u0142o si\u0119 co\u015b innego: r\u00f3\u017cne spotkania, studio radiowej Dw\u00f3jki, prezentacje pokazuj\u0105ce, jak si\u0119 przygotowuje nuty do wydania itp. Za nim wagon koncertowy, a w ostatnim (KILAR) by\u0142y ju\u017c tylko przedzia\u0142y s\u0142u\u017c\u0105ce artystom do odpoczynku i przebierania si\u0119 (postronni nie mieli tam wst\u0119pu, ja na chwilk\u0119 zajrza\u0142am zwiedzaj\u0105c ca\u0142o\u015b\u0107).<\/p>\n\n\n\n<p>W sumie nie mo\u017cna by\u0142o si\u0119 nudzi\u0107 nawet przez chwil\u0119, pr\u0119dzej mo\u017cna by\u0142o zm\u0119czy\u0107 si\u0119 du\u017c\u0105 ilo\u015bci\u0105 wra\u017ce\u0144. Ale wydarzenie by\u0142o jedyne w swoim rodzaju. A w samym Gda\u0144sku wiecz\u00f3r zako\u0144czy\u0142 si\u0119 w Centrum \u015bw. Jana, gdzie wykonany zosta\u0142 <a href=\"https:\/\/blog.polityka.pl\/szwarcman\/2024\/12\/12\/wspolgranie-paru-swiatow\/\">ten program<\/a>, ale doda\u0107 trzeba, \u017ce si\u0119 rozwin\u0105\u0142, a Ensemble Peregrina (cho\u0107 w troch\u0119 innym sk\u0142adzie ni\u017c w\u00f3wczas w Krakowie) by\u0142 chyba jeszcze bardziej otwarty na muzyczn\u0105 wsp\u00f3\u0142prac\u0119. By\u0142a transmisja w Dw\u00f3jce, ale te\u017c filmowa\u0142a koncert TVP Kultura, a retransmisja przewidziana jest na 4 stycznia.<\/p>\n","protected":false},"excerpt":{"rendered":"<p>&#8230;nie byle jakiego, tylko Poci\u0105gu Wype\u0142nionego Muzyk\u0105 &#8211; skr\u00f3t jakby znajomy, i s\u0142usznie. Na zako\u0144czenie obchod\u00f3w jubileuszowych Polskiego Wydawnictwa Muzycznego odby\u0142o si\u0119 wydarzenie szalone.<\/p>\n","protected":false},"author":3,"featured_media":0,"comment_status":"open","ping_status":"","sticky":false,"template":"","format":"standard","meta":{"footnotes":""},"categories":[1],"tags":[],"_links":{"self":[{"href":"https:\/\/blog.polityka.pl\/szwarcman\/wp-json\/wp\/v2\/posts\/12269"}],"collection":[{"href":"https:\/\/blog.polityka.pl\/szwarcman\/wp-json\/wp\/v2\/posts"}],"about":[{"href":"https:\/\/blog.polityka.pl\/szwarcman\/wp-json\/wp\/v2\/types\/post"}],"author":[{"embeddable":true,"href":"https:\/\/blog.polityka.pl\/szwarcman\/wp-json\/wp\/v2\/users\/3"}],"replies":[{"embeddable":true,"href":"https:\/\/blog.polityka.pl\/szwarcman\/wp-json\/wp\/v2\/comments?post=12269"}],"version-history":[{"count":1,"href":"https:\/\/blog.polityka.pl\/szwarcman\/wp-json\/wp\/v2\/posts\/12269\/revisions"}],"predecessor-version":[{"id":12270,"href":"https:\/\/blog.polityka.pl\/szwarcman\/wp-json\/wp\/v2\/posts\/12269\/revisions\/12270"}],"wp:attachment":[{"href":"https:\/\/blog.polityka.pl\/szwarcman\/wp-json\/wp\/v2\/media?parent=12269"}],"wp:term":[{"taxonomy":"category","embeddable":true,"href":"https:\/\/blog.polityka.pl\/szwarcman\/wp-json\/wp\/v2\/categories?post=12269"},{"taxonomy":"post_tag","embeddable":true,"href":"https:\/\/blog.polityka.pl\/szwarcman\/wp-json\/wp\/v2\/tags?post=12269"}],"curies":[{"name":"wp","href":"https:\/\/api.w.org\/{rel}","templated":true}]}}