
{"id":12308,"date":"2026-01-15T18:46:00","date_gmt":"2026-01-15T17:46:00","guid":{"rendered":"https:\/\/blog.polityka.pl\/szwarcman\/?p=12308"},"modified":"2026-01-15T18:46:00","modified_gmt":"2026-01-15T17:46:00","slug":"chopin-wszedzie","status":"publish","type":"post","link":"https:\/\/blog.polityka.pl\/szwarcman\/2026\/01\/15\/chopin-wszedzie\/","title":{"rendered":"Chopin wsz\u0119dzie"},"content":{"rendered":"\n<p>Dzi\u015b NIFC przedstawi\u0142 wyniki akcji &#8222;Efekt Chopina&#8221;, kt\u00f3ra stanowi\u0142a &#8222;p\u00f3j\u015bcie za ciosem&#8221; Konkursu Chopinowskiego &#8211; mi\u0119dzy pa\u017adziernikiem i grudniem 2025 r. muzycy je\u017adzili po kraju, docieraj\u0105c z koncertami i akcjami edukacyjnymi do prawie wszystkich powiat\u00f3w w Polsce.<\/p>\n\n\n\n<!--more-->\n\n\n\n<p>Konferencj\u0119 mo\u017cna obejrze\u0107 <a href=\"https:\/\/www.facebook.com\/100069819969917\/videos\/892873056552237\/?locale=pl_PL\">na fb Instytutu<\/a>, a kilka sprawozda\u0144 <a href=\"https:\/\/www.youtube.com\/playlist?list=PLTmn2qD3aSQvT53HiCRqG7zv7myPkXCc4\">tutaj<\/a>. I gdy s\u0142ucha\u0142am tego wszystkiego i ogl\u0105da\u0142am te wzruszaj\u0105ce filmiki, my\u015bla\u0142am sobie: przecie\u017c dzieciaki powinny mie\u0107 co\u015b takiego na co dzie\u0144! To jest wielka rzecz, kiedy maj\u0105 u siebie takie \u015bwi\u0119to i nie maj\u0105 trudno\u015bci z dotarciem na nie, ale te\u017c obcowanie z muzyk\u0105 sprzyja rozwojowi wewn\u0119trznemu. A przy tym od dawna ju\u017c wiadomo, \u017ce takie akcje s\u0105 sytuacj\u0105 win-win i dla publiczno\u015bci, i dla samych muzyk\u00f3w &#8211; dzi\u015b opowiadali o swoim odbiorze akcji Aleksandra Bobrowska i Krzysztof Wierci\u0144ski. I obie strony, publiczno\u015b\u0107 i muzycy, pytaj\u0105: kiedy zn\u00f3w?<\/p>\n\n\n\n<p>Artyst\u00f3w zaanga\u017cowanych w wydarzenie by\u0142o mn\u00f3stwo: podliczono 123 wykonawc\u00f3w w ramach 386 wydarze\u0144, dla 58 tys. odbiorc\u00f3w. Fundacje, zespo\u0142y, soli\u015bci, aktorzy, a w\u015br\u00f3d pianist\u00f3w uczestnicy nie tylko ostatniego, ale te\u017c poprzednich Konkurs\u00f3w Chopinowskich.<\/p>\n\n\n\n<p>Jesienna akcja kosztowa\u0142a 7 mln. Wiadomo, jak napi\u0119ty jest bud\u017cet, ale ministra Marta Cienkowska opowiada\u0142a, \u017ce s\u0105 starania, by podobne akcje mog\u0142y si\u0119 nadal odbywa\u0107, przynajmniej w najbli\u017cszej pi\u0119ciolatce. W przysz\u0142ym roku mamy stulecie Konkursu Chopinowskiego, a za trzy lata XX Konkurs Chopinowski, wi\u0119c s\u0105 powa\u017cne preteksty, by to rozkr\u0119ci\u0107, a potem &#8211; mo\u017ce ju\u017c wszyscy uznaj\u0105, \u017ce to jest naturalne i \u017ce tak ma by\u0107 ju\u017c na sta\u0142e? Hm, oby.<\/p>\n\n\n\n<p>Przyznam, \u017ce gdy us\u0142ysza\u0142am o nazwie tej akcji, my\u015bla\u0142am, \u017ce to nawi\u0105zanie do terminu &#8222;efekt Mozarta&#8221; &#8211; w sumie mog\u0142oby tak by\u0107. Ale dyrektor NIFC Artur Szklener zdradzi\u0142, \u017ce chodzi\u0142o o &#8222;efekt motyla&#8221;, czyli anegdot\u0119 z dziedziny teorii chaosu g\u0142osz\u0105c\u0105, \u017ce trzepot skrzyde\u0142 motyla (jako przyk\u0142ad drobnego, pozornie nieistotnego zdarzenia) mo\u017ce wywo\u0142a\u0107 dalszy, nieprzewidywalny ci\u0105g zdarze\u0144, a\u017c do burzy piaskowej. Tym trzepotem skrzyde\u0142 maj\u0105 by\u0107 w\u0142a\u015bnie owe koncerty, a efektem &#8211; &#8222;tajfun wok\u00f3\u0142 Chopina&#8221;. Zobaczymy&#8230;<\/p>\n\n\n\n<p>Sukces, jak wiadomo, ma wielu ojc\u00f3w. Dzi\u015b ministra Cienkowska stwierdzi\u0142a, \u017ce by\u0142 to jej pomys\u0142. Ale dyrektor Szklener poprawi\u0142, \u017ce w Instytucie my\u015blano o tym od kilkunastu lat. Wspomnia\u0142 mi p\u00f3\u017aniej, \u017ce gdy rozmawia\u0142 jeszcze z ministrem Bart\u0142omiejem Sienkiewiczem, ten go spyta\u0142, czy mo\u017cna Konkurs Chopinowski jeszcze bardziej umi\u0119dzynarodowi\u0107. Odpowiedzia\u0142, \u017ce konkurs jest i b\u0119dzie bardzo mi\u0119dzynarodowy, pilniejsze jest, \u017ceby by\u0142 odpowiednio uznany w kraju. Chyba tym razem si\u0119 rzeczywi\u015bcie uda\u0142o dzi\u0119ki internetowi, ale to by\u0142o dopiero przygotowanie gruntu &#8211; \u017cywe obcowanie z muzyk\u0105 jest jeszcze bardziej anga\u017cuj\u0105ce i daje wi\u0119cej wymiernych korzy\u015bci odbiorcy. Tego \u017cadna AI nie zast\u0105pi.<\/p>\n","protected":false},"excerpt":{"rendered":"<p>Dzi\u015b NIFC przedstawi\u0142 wyniki akcji &#8222;Efekt Chopina&#8221;, kt\u00f3ra stanowi\u0142a &#8222;p\u00f3j\u015bcie za ciosem&#8221; Konkursu Chopinowskiego &#8211; mi\u0119dzy pa\u017adziernikiem i grudniem 2025 r. muzycy je\u017adzili po kraju, docieraj\u0105c z koncertami i akcjami edukacyjnymi do prawie wszystkich powiat\u00f3w w Polsce.<\/p>\n","protected":false},"author":3,"featured_media":0,"comment_status":"open","ping_status":"","sticky":false,"template":"","format":"standard","meta":{"footnotes":""},"categories":[1],"tags":[],"_links":{"self":[{"href":"https:\/\/blog.polityka.pl\/szwarcman\/wp-json\/wp\/v2\/posts\/12308"}],"collection":[{"href":"https:\/\/blog.polityka.pl\/szwarcman\/wp-json\/wp\/v2\/posts"}],"about":[{"href":"https:\/\/blog.polityka.pl\/szwarcman\/wp-json\/wp\/v2\/types\/post"}],"author":[{"embeddable":true,"href":"https:\/\/blog.polityka.pl\/szwarcman\/wp-json\/wp\/v2\/users\/3"}],"replies":[{"embeddable":true,"href":"https:\/\/blog.polityka.pl\/szwarcman\/wp-json\/wp\/v2\/comments?post=12308"}],"version-history":[{"count":1,"href":"https:\/\/blog.polityka.pl\/szwarcman\/wp-json\/wp\/v2\/posts\/12308\/revisions"}],"predecessor-version":[{"id":12309,"href":"https:\/\/blog.polityka.pl\/szwarcman\/wp-json\/wp\/v2\/posts\/12308\/revisions\/12309"}],"wp:attachment":[{"href":"https:\/\/blog.polityka.pl\/szwarcman\/wp-json\/wp\/v2\/media?parent=12308"}],"wp:term":[{"taxonomy":"category","embeddable":true,"href":"https:\/\/blog.polityka.pl\/szwarcman\/wp-json\/wp\/v2\/categories?post=12308"},{"taxonomy":"post_tag","embeddable":true,"href":"https:\/\/blog.polityka.pl\/szwarcman\/wp-json\/wp\/v2\/tags?post=12308"}],"curies":[{"name":"wp","href":"https:\/\/api.w.org\/{rel}","templated":true}]}}