
{"id":12323,"date":"2026-01-25T00:30:30","date_gmt":"2026-01-24T23:30:30","guid":{"rendered":"https:\/\/blog.polityka.pl\/szwarcman\/?p=12323"},"modified":"2026-01-25T00:32:37","modified_gmt":"2026-01-24T23:32:37","slug":"jak-styczen-to-lancuch","status":"publish","type":"post","link":"https:\/\/blog.polityka.pl\/szwarcman\/2026\/01\/25\/jak-styczen-to-lancuch\/","title":{"rendered":"Jak stycze\u0144, to \u0141a\u0144cuch"},"content":{"rendered":"\n<p>W tym roku po raz 23 (kiedy to zlecia\u0142o?). A\u017c trzy koncerty ku czyjej\u015b pami\u0119ci i jeden &#8211; z okazji okr\u0105g\u0142ego jubileuszu.<\/p>\n\n\n\n<!--more-->\n\n\n\n<p>Dzisiejszy wyst\u0119p NOSPR pod batut\u0105 Alexandra Humali po\u015bwi\u0119cony by\u0142 El\u017cbiecie Markowskiej, wieloletniej dyrektorki radiowej Dw\u00f3jki oraz wsp\u00f3\u0142za\u0142o\u017cycielki i prezeski (2015-18) Towarzystwa im. Witolda Lutos\u0142awskiego, w pi\u0105t\u0105 rocznic\u0119 jej \u015bmierci. To by\u0142o ogromne zaskoczenie, bo posz\u0142a do szpitala z jakiego\u015b b\u0142ahego powodu i zarazi\u0142a si\u0119 tam covidem. El\u017cbieta by\u0142a jedn\u0105 z tych postaci, kt\u00f3re zrobi\u0142y naprawd\u0119 wiele dobrego w \u015bwiecie muzyki. Na koncert by\u0142 obecny jej m\u0105\u017c, re\u017cyser Marek Nowicki.<\/p>\n\n\n\n<p>Program nie by\u0142 \u017ca\u0142obny ani nie wi\u0105za\u0142 si\u0119 z osob\u0105 El\u017cbiety Markowskiej, ale zawiera\u0142 muzyk\u0119 refleksyjn\u0105 i skupion\u0105. Na pocz\u0105tek <em>Contrapunctus XIX<\/em> z <em>Kunst der Fuge<\/em> Bacha w opracowaniu Luciana Beria na 23 wykonawc\u00f3w, czyli ta ostatnia fuga, w kt\u00f3rej jeden z temat\u00f3w to <em>b-a-c-h<\/em>, a kt\u00f3ra pozosta\u0142a nieuko\u0144czona. Dziwne to opracowanie, bo jakby w poprzek Bachowskiej polifonii: pojedyncze g\u0142osy przejmowane s\u0105 przez r\u00f3\u017cne instrumenty, po kawa\u0142ku. A zako\u0144czenie bardzo specyficzne: rozp\u0142ywa si\u0119 w jakiej\u015b zupe\u0142nie obcej harmonii.<\/p>\n\n\n\n<p>Jako solista wyst\u0105pi\u0142 tego wieczoru znakomity altowiolista Hartmut Rohde, kt\u00f3ry swego czasu sta\u0142 na czele wroc\u0142awskiej orkiestry kameralnej Leopoldinum (w latach 2014-17). W zesz\u0142ym roku jednym z odkry\u0107 by\u0142a znakomita muzyka Giorgia Federica Ghediniego; teraz mamy dalszy ci\u0105g (b\u0119dzie jeszcze jeden jego utw\u00f3r na festiwalu). <em><a href=\"https:\/\/www.youtube.com\/watch?v=SC37mNPGk_U\">Musica da concerto<\/a><\/em> z 1953 r. jest dzie\u0142em z nurtu neoklasycznego czy te\u017c mo\u017ce neobarokowego, \u015bpiewnym i \u0142agodnym. Z kolei <a href=\"https:\/\/www.youtube.com\/watch?v=ftPxoKDFF08\"><em>Ballada<\/em> Franka Martina<\/a> na alt\u00f3wk\u0119 i zesp\u00f3\u0142 instrumentalny jest prawie o 20 lat p\u00f3\u017aniejsza, ale bardzo stylem od poprzedniego dzie\u0142a nie odbiega, jednak w odr\u00f3\u017cnieniu od tamtego, napisanego wy\u0142\u0105cznie na smyczki, jest niezwykle barwne, a w towarzysz\u0105cym soli\u015bcie zespole s\u0105 d\u0119te, perkusja, harfa, klawesyn &#8211; wszystko, tylko nie smyczki. I na koniec <em>IV Symfonia<\/em> Lutos\u0142awskiego, jesienna w nastroju, wy\u015bpiewuj\u0105ca swoj\u0105 opowie\u015b\u0107 kolejnymi pi\u0119knymi sol\u00f3wkami. NOSPR grywa\u0142 j\u0105 ju\u017c wiele razy (\u0142\u0105cznie z pierwszym polskim wykonaniem, w tej samej sali zreszt\u0105), wi\u0119c wszystko p\u0142yn\u0119\u0142o w spos\u00f3b naturalny. Pi\u0119kny koncert.<\/p>\n\n\n\n<p>Z kolei dzi\u015b w po\u0142udnie by\u0142am w TWON, gdzie w Salach Redutowych odby\u0142a si\u0119 premiera spektaklu edukacyjnego <em><a href=\"https:\/\/teatrwielki.pl\/kalendarium\/2025-2026\/butterfly-w-krainie-cieni\">Butterfly w krainie cieni<\/a><\/em>, skompilowanego przez Ann\u0119 Hop &#8211; jak zwykle z fantastycznymi pomys\u0142ami. Przeznaczony dla dzieciak\u00f3w 10-15-letnich, trwa 50 minut i jest skr\u00f3tem opery Pucciniego: wa\u017cne arie (niekt\u00f3re te\u017c skr\u00f3cone) z akompaniamentem fortepianu (i troch\u0119 koto), troch\u0119 odtworze\u0144 orkiestry, narrator sklejaj\u0105cy akcj\u0119, kilkoro tancerzy, prosta, a efektowna scenografia i kostiumy. I \u015bwietni m\u0142odzi \u015bpiewacy z Akademii Operowej. Bardzo obiecuj\u0105ca para g\u0142\u00f3wnych bohater\u00f3w, zw\u0142aszcza Alina Prochowska w roli tytu\u0142owej (po warszawskiej uczelni, potem studiowa\u0142a w Hanowerze); Adam Walasek(te\u017c po szkole warszawskiej i Akademii Operowej) jako Pinkerton troch\u0119 mo\u017ce zbyt dono\u015bnie \u015bpiewa\u0142, jakby by\u0142 na wielkiej scenie, ale to te\u017c \u015bwietny materia\u0142. Tak\u017ce uczestnicy Akademii Operowej Emilia Rabczak (Suzuki) i Mateusz Kulczy\u0144ski (Sharpless). Powt\u00f3rzenie niestety jeszcze tylko jutro (w\u0142a\u015bciwie ju\u017c dzi\u015b), tak\u017ce w po\u0142udnie, a nagranie spektaklu zostanie umieszczone na VOD TWON.<\/p>\n","protected":false},"excerpt":{"rendered":"<p>W tym roku po raz 23 (kiedy to zlecia\u0142o?). A\u017c trzy koncerty ku czyjej\u015b pami\u0119ci i jeden &#8211; z okazji okr\u0105g\u0142ego jubileuszu.<\/p>\n","protected":false},"author":3,"featured_media":0,"comment_status":"open","ping_status":"","sticky":false,"template":"","format":"standard","meta":{"footnotes":""},"categories":[1],"tags":[],"_links":{"self":[{"href":"https:\/\/blog.polityka.pl\/szwarcman\/wp-json\/wp\/v2\/posts\/12323"}],"collection":[{"href":"https:\/\/blog.polityka.pl\/szwarcman\/wp-json\/wp\/v2\/posts"}],"about":[{"href":"https:\/\/blog.polityka.pl\/szwarcman\/wp-json\/wp\/v2\/types\/post"}],"author":[{"embeddable":true,"href":"https:\/\/blog.polityka.pl\/szwarcman\/wp-json\/wp\/v2\/users\/3"}],"replies":[{"embeddable":true,"href":"https:\/\/blog.polityka.pl\/szwarcman\/wp-json\/wp\/v2\/comments?post=12323"}],"version-history":[{"count":5,"href":"https:\/\/blog.polityka.pl\/szwarcman\/wp-json\/wp\/v2\/posts\/12323\/revisions"}],"predecessor-version":[{"id":12328,"href":"https:\/\/blog.polityka.pl\/szwarcman\/wp-json\/wp\/v2\/posts\/12323\/revisions\/12328"}],"wp:attachment":[{"href":"https:\/\/blog.polityka.pl\/szwarcman\/wp-json\/wp\/v2\/media?parent=12323"}],"wp:term":[{"taxonomy":"category","embeddable":true,"href":"https:\/\/blog.polityka.pl\/szwarcman\/wp-json\/wp\/v2\/categories?post=12323"},{"taxonomy":"post_tag","embeddable":true,"href":"https:\/\/blog.polityka.pl\/szwarcman\/wp-json\/wp\/v2\/tags?post=12323"}],"curies":[{"name":"wp","href":"https:\/\/api.w.org\/{rel}","templated":true}]}}