
{"id":12415,"date":"2026-03-14T23:46:10","date_gmt":"2026-03-14T22:46:10","guid":{"rendered":"https:\/\/blog.polityka.pl\/szwarcman\/?p=12415"},"modified":"2026-03-14T23:56:06","modified_gmt":"2026-03-14T22:56:06","slug":"kochamy-mahlera","status":"publish","type":"post","link":"https:\/\/blog.polityka.pl\/szwarcman\/2026\/03\/14\/kochamy-mahlera\/","title":{"rendered":"Kochamy Mahlera"},"content":{"rendered":"\n<p>Nie pami\u0119tam, kiedy widzia\u0142am Studio im. Lutos\u0142awskiego tak pe\u0142ne (by\u0142y pojedyncze wolne miejsca, ale bilety zosta\u0142y wyprzedane). Czy chodzi\u0142o o Mahlera, czy o Yaroslava Shemeta?<\/p>\n\n\n\n<!--more-->\n\n\n\n<p>Niekt\u00f3rym na pewno o jedno i drugie &#8211; s\u0105 tacy, co pielgrzymuj\u0105 za tym m\u0142odym dyrygentem do obu jego miejsc pracy &#8211; Filharmonii \u015al\u0105skiej i Opery Ba\u0142tyckiej. Ale symfonie Mahlera same w sobie te\u017c s\u0105 kochane przez publiczno\u015b\u0107. A je\u015bli kto\u015b nawet nie widzia\u0142 Shemeta w akcji, m\u00f3g\u0142 s\u0142ysze\u0107 legendy o jego Mahlerze &#8211; jako pierwszy od dawna dyrygent w Polsce poprowadzi\u0142 z Filharmoni\u0105 \u015al\u0105sk\u0105 wszystkie jego symfonie. Ja by\u0142am niestety tylko na dw\u00f3ch, wi\u0119c dzi\u015b nadrobi\u0142am jeszcze dwie, cho\u0107 z inn\u0105 orkiestr\u0105.<\/p>\n\n\n\n<p>W\u0142a\u015bnie znalaz\u0142am \u015bwiadectwo dawnych czas\u00f3w: <a href=\"https:\/\/blog.polityka.pl\/szwarcman\/2012\/11\/21\/fruwa-batuta\/#comment-127416\">moje w\u0142asne zdanie<\/a> podczas jednego z poprzednich Konkurs\u00f3w im. Fitelberga, \u017ce Filharmonia \u015al\u0105ska, kt\u00f3ra jest organizatorem i konkursow\u0105 orkiestr\u0105, nie powinna si\u0119 w og\u00f3le zabiera\u0107 za Mahlera. I oto <a href=\"https:\/\/blog.polityka.pl\/szwarcman\/2024\/05\/24\/udreka-i-ekstaza\/\">moja relacja z <em>VI Symfonii<\/em><\/a> 12 lat p\u00f3\u017aniej. Ten niebywa\u0142y po prostu progres zesp\u00f3\u0142 zawdzi\u0119cza swojemu dyrygentowi-szefowi. By\u0142am te\u017c na <em>Symfonii tysi\u0105ca<\/em> w Spodku, ale to by\u0142 raczej du\u017cy happening ni\u017c koncert, cho\u0107 muzycznie dyrygent wyci\u0105gn\u0105\u0142 z tego, co si\u0119 da\u0142o.<\/p>\n\n\n\n<p>To jest orkiestra, kt\u00f3r\u0105 ju\u017c ukszta\u0142towa\u0142. A co z Orkiestr\u0105 Polskiego Radia, kt\u00f3r\u0105 prowadzi\u0142 dzi\u015b? Jeszcze by si\u0119 jej szlif przyda\u0142, cho\u0107 jest w niez\u0142ym stanie. Ale do du\u017cego sk\u0142adu trzeba by\u0142o jeszcze dopo\u017cyczy\u0107 muzyk\u00f3w, no i by\u0142y r\u00f3\u017cne rzeczy nieprecyzyjne, zw\u0142aszcza w <em>Adagiu<\/em> z <em>X Symfonii<\/em>: troch\u0119 kiks\u00f3w w waltorniach (cho\u0107 nawet mniej ni\u017c si\u0119 spodziewa\u0142am), alt\u00f3wki w solowym unisonowym fragmencie nie stroi\u0142y mi\u0119dzy sob\u0105, a pikulina w zako\u0144czeniu by\u0142a pod d\u017awi\u0119kiem. W <em>I Symfonii<\/em> brzmieli ju\u017c lepiej. Og\u00f3lnie jednak musia\u0142o si\u0119 to sko\u0144czy\u0107 stojakiem i wielkimi brawami. My\u015bl\u0119, \u017ce jeszcze par\u0119 pr\u00f3b i te niedor\u00f3bki te\u017c by si\u0119 dopracowa\u0142o, zw\u0142aszcza \u017ce orkiestrze naprawd\u0119 si\u0119 chcia\u0142o gra\u0107. Koncertmistrz Marcin Markowicz powiedzia\u0142 nawet po koncercie, \u017ce byli ju\u017c &#8222;na g\u0142odzie&#8221; mahlerowskim &#8211; my\u015bl\u0119, \u017ce on na pewno, bo to jego ukochany kompozytor.<\/p>\n\n\n\n<p>Ka\u017cd\u0105 z cz\u0119\u015bci zapowiada\u0142 Marcin Majchrowski. M\u00f3wi\u0105c o <em>Adagiu<\/em>, zwr\u00f3ci\u0142 uwag\u0119 na straszny, <a href=\"https:\/\/www.youtube.com\/watch?v=5QTCEkoGLn8\">szokuj\u0105cy akord pod koniec<\/a>. Ja natomiast &#8211; wydaje mi si\u0119, \u017ce musia\u0142am o tym ju\u017c kiedy\u015b tu wspomnie\u0107, ale nie mog\u0119 tego znale\u017a\u0107 &#8211; zauwa\u017cy\u0142am swego czasu, \u017ce to co\u015b takiego jak w <a href=\"https:\/\/www.youtube.com\/watch?v=vCXaPxeSkkI\">wolnej cz\u0119\u015bci <em>V Symfonii<\/em> Prokofiewa<\/a> (w tym nagraniu 29:12) i nawet si\u0119 zastanawia\u0142am kiedy\u015b, czy Prokofiew \u015bwiadomie nawi\u0105za\u0142 do Mahlera, czy to przypadek. Jedno nie jest przypadkiem: ten akord jest przeczuciem czego\u015b strasznego. U Mahlera &#8211; wiadomo czego, u Prokofiewa te\u017c; po prawykonaniu <em>V Symfonii<\/em> dosta\u0142 udaru.<\/p>\n","protected":false},"excerpt":{"rendered":"<p>Nie pami\u0119tam, kiedy widzia\u0142am Studio im. Lutos\u0142awskiego tak pe\u0142ne (by\u0142y pojedyncze wolne miejsca, ale bilety zosta\u0142y wyprzedane). Czy chodzi\u0142o o Mahlera, czy o Yaroslava Shemeta?<\/p>\n","protected":false},"author":3,"featured_media":0,"comment_status":"open","ping_status":"","sticky":false,"template":"","format":"standard","meta":{"footnotes":""},"categories":[1],"tags":[],"_links":{"self":[{"href":"https:\/\/blog.polityka.pl\/szwarcman\/wp-json\/wp\/v2\/posts\/12415"}],"collection":[{"href":"https:\/\/blog.polityka.pl\/szwarcman\/wp-json\/wp\/v2\/posts"}],"about":[{"href":"https:\/\/blog.polityka.pl\/szwarcman\/wp-json\/wp\/v2\/types\/post"}],"author":[{"embeddable":true,"href":"https:\/\/blog.polityka.pl\/szwarcman\/wp-json\/wp\/v2\/users\/3"}],"replies":[{"embeddable":true,"href":"https:\/\/blog.polityka.pl\/szwarcman\/wp-json\/wp\/v2\/comments?post=12415"}],"version-history":[{"count":2,"href":"https:\/\/blog.polityka.pl\/szwarcman\/wp-json\/wp\/v2\/posts\/12415\/revisions"}],"predecessor-version":[{"id":12417,"href":"https:\/\/blog.polityka.pl\/szwarcman\/wp-json\/wp\/v2\/posts\/12415\/revisions\/12417"}],"wp:attachment":[{"href":"https:\/\/blog.polityka.pl\/szwarcman\/wp-json\/wp\/v2\/media?parent=12415"}],"wp:term":[{"taxonomy":"category","embeddable":true,"href":"https:\/\/blog.polityka.pl\/szwarcman\/wp-json\/wp\/v2\/categories?post=12415"},{"taxonomy":"post_tag","embeddable":true,"href":"https:\/\/blog.polityka.pl\/szwarcman\/wp-json\/wp\/v2\/tags?post=12415"}],"curies":[{"name":"wp","href":"https:\/\/api.w.org\/{rel}","templated":true}]}}