
{"id":12512,"date":"2026-04-27T23:31:43","date_gmt":"2026-04-27T21:31:43","guid":{"rendered":"https:\/\/blog.polityka.pl\/szwarcman\/?p=12512"},"modified":"2026-04-27T23:31:43","modified_gmt":"2026-04-27T21:31:43","slug":"pozegnanie-z-markiem-janowskim","status":"publish","type":"post","link":"https:\/\/blog.polityka.pl\/szwarcman\/2026\/04\/27\/pozegnanie-z-markiem-janowskim\/","title":{"rendered":"Po\u017cegnanie z Markiem Janowskim"},"content":{"rendered":"\n<p>Na przestrzeni o\u015bmiu lat wielki dyrygent dawa\u0142 coroczne koncerty z Sinfoni\u0105 Varsovi\u0105 &#8211; to by\u0142a jedyna polska orkiestra, z kt\u00f3r\u0105 pracowa\u0142 (jeszcze tylko w 2023 r. poprowadzi\u0142 Oper\u0119 Ba\u0142tyck\u0105 w sopockim <em>Holendrze<\/em>). Dzisiejszy ich wsp\u00f3lny wyst\u0119p &#8211; jak zadecydowa\u0142 &#8211; by\u0142 ostatni.<\/p>\n\n\n\n<!--more-->\n\n\n\n<p>Nie ostatni w og\u00f3le &#8211; zapowiadane s\u0105 jego koncerty pod koniec maja w Nowym Jorku i w listopadzie w Chicago, b\u0119dzie te\u017c najpewniej koncertowa\u0142 jeszcze w Niemczech, ale poma\u0142u zamierza ju\u017c wygasa\u0107 karier\u0119 &#8211; ma w ko\u0144cu uko\u0144czonych 87 lat. Cho\u0107 wci\u0105\u017c jest w \u015bwietnej formie i dyryguje z pami\u0119ci.<\/p>\n\n\n\n<p>Jak wspania\u0142ym jest muzykiem, mogli\u015bmy zn\u00f3w si\u0119 przekona\u0107 patrz\u0105c na to, co uda\u0142o mu si\u0119 zrobi\u0107 z t\u0105 orkiestr\u0105. Przez te lata gra\u0142a pod jego batut\u0105 coraz lepiej, a w tej chwili to ju\u017c zupe\u0142ne przeciwie\u0144stwo tego, co by\u0142o na <a href=\"https:\/\/blog.polityka.pl\/szwarcman\/2019\/02\/10\/beethoven-na-lancuchu\/\">pierwszym ich wsp\u00f3lnym wyst\u0119pie<\/a>. Wtedy np. narzekali\u015bmy na waltornie, dzi\u015b du\u017cy komplet blachy potrzebny do wykonania <em>Uwertury<\/em> i <em>Bachanalii<\/em> z <em>Tannh\u00e4usera<\/em> Wagnera oraz <em>VII Symfonii<\/em> Brucknera by\u0142 jednym z najja\u015bniejszych punkt\u00f3w wykonania. Cho\u0107 w\u0142a\u015bciwie nie mo\u017cna powiedzie\u0107, \u017ce by\u0142y jakie\u015b s\u0142abe. Te kilka lat z wizytami Janowskiego to by\u0142a wspania\u0142a, niezwykle cenna sprawa dla zespo\u0142u. Niewiele ju\u017c jest takich legend, autorytet\u00f3w, kt\u00f3re mog\u0105 tyle da\u0107, tyle nauczy\u0107. Owszem, rosn\u0105 kolejne pokolenia, ale tacy dyrygenci jak on to wielkie do\u015bwiadczenie ludzi \u017cyj\u0105cych w r\u00f3\u017cnych epokach, maj\u0105cych niezwykle bogaty background.<\/p>\n\n\n\n<p>Pocz\u0105tek hitchcockowski, czyli wagnerowski &#8211; pot\u0119ga <em>Uwertury<\/em> i fajerwerk <em>Bachanalii<\/em>. A <em>VII Symfonia<\/em> Brucknera (to ta, przy kt\u00f3rej Skrowaczewski we wczesnej m\u0142odo\u015bci us\u0142yszawszy II cz\u0119\u015b\u0107 dosta\u0142 gor\u0105czki) sprawia\u0142a wra\u017cenie niezwykle energetycznej (te crescenda, zw\u0142aszcza na zako\u0144czenie I i III cz\u0119\u015bci!), no i wyj\u0105tkowo zwi\u0119z\u0142ej jak na tego kompozytora &#8211; Janowski poprowadzi\u0142 j\u0105 szybciej, trwa\u0142a chyba ko\u0142o godziny; w innych wykonaniach mo\u017ce trwa\u0107 nawet godzin\u0119 i dwadzie\u015bcia minut. W przerwie troch\u0119 sobie powybrzydzali\u015bmy ze znajomkami, w tym z <strong>pianofilem<\/strong>, kt\u00f3ry jest jeszcze wi\u0119kszym antybrucknerowcem ni\u017c ja, ale i on, widzia\u0142am, bo siedzia\u0142 za mn\u0105, natychmiast zerwa\u0142 si\u0119 do stojaka, jak wszyscy na sali &#8211; cho\u0107 trzeba by\u0142o odczeka\u0107 z wstrzymanym oddechem, a\u017c zastyg\u0142a w ruchu orkiestra i maestro nie opuszcz\u0105 r\u0105k. Tak wspaniale utrzymywali napi\u0119cie po zako\u0144czeniu ka\u017cdej cz\u0119\u015bci.<\/p>\n\n\n\n<p>PS. Szkoda \u017cegna\u0107 takiego maestra, tym bardziej, \u017ce jego wiek wydaje si\u0119 m\u0142odzie\u0144czy w por\u00f3wnaniu z Herbertem Blomstedtem, kt\u00f3ry w\u0142a\u015bnie dyrygowa\u0142 t\u0105 sam\u0105 symfoni\u0105 Brucknera w Filharmonii Berli\u0144skiej. By\u0142o tam troch\u0119 znajomych, m.in. <strong>Jak\u00f3b<\/strong>, kt\u00f3ry pokaza\u0142 mi na zdj\u0119ciu, jak Blomstedt dyryguje siedz\u0105c na sto\u0142ku (a na scen\u0119 wje\u017cd\u017ca na w\u00f3zku), ale poza tym wci\u0105\u017c jest dziarski &#8211; a ma 98 lat! Zaw\u00f3d dyrygenta jak wida\u0107 bardzo konserwuje.<\/p>\n","protected":false},"excerpt":{"rendered":"<p>Na przestrzeni o\u015bmiu lat wielki dyrygent dawa\u0142 coroczne koncerty z Sinfoni\u0105 Varsovi\u0105 &#8211; to by\u0142a jedyna polska orkiestra, z kt\u00f3r\u0105 pracowa\u0142 (jeszcze tylko w 2023 r. poprowadzi\u0142 Oper\u0119 Ba\u0142tyck\u0105 w sopockim Holendrze). Dzisiejszy ich wsp\u00f3lny wyst\u0119p &#8211; jak zadecydowa\u0142 &#8211; by\u0142 ostatni.<\/p>\n","protected":false},"author":3,"featured_media":0,"comment_status":"open","ping_status":"","sticky":false,"template":"","format":"standard","meta":{"footnotes":""},"categories":[1],"tags":[],"_links":{"self":[{"href":"https:\/\/blog.polityka.pl\/szwarcman\/wp-json\/wp\/v2\/posts\/12512"}],"collection":[{"href":"https:\/\/blog.polityka.pl\/szwarcman\/wp-json\/wp\/v2\/posts"}],"about":[{"href":"https:\/\/blog.polityka.pl\/szwarcman\/wp-json\/wp\/v2\/types\/post"}],"author":[{"embeddable":true,"href":"https:\/\/blog.polityka.pl\/szwarcman\/wp-json\/wp\/v2\/users\/3"}],"replies":[{"embeddable":true,"href":"https:\/\/blog.polityka.pl\/szwarcman\/wp-json\/wp\/v2\/comments?post=12512"}],"version-history":[{"count":1,"href":"https:\/\/blog.polityka.pl\/szwarcman\/wp-json\/wp\/v2\/posts\/12512\/revisions"}],"predecessor-version":[{"id":12513,"href":"https:\/\/blog.polityka.pl\/szwarcman\/wp-json\/wp\/v2\/posts\/12512\/revisions\/12513"}],"wp:attachment":[{"href":"https:\/\/blog.polityka.pl\/szwarcman\/wp-json\/wp\/v2\/media?parent=12512"}],"wp:term":[{"taxonomy":"category","embeddable":true,"href":"https:\/\/blog.polityka.pl\/szwarcman\/wp-json\/wp\/v2\/categories?post=12512"},{"taxonomy":"post_tag","embeddable":true,"href":"https:\/\/blog.polityka.pl\/szwarcman\/wp-json\/wp\/v2\/tags?post=12512"}],"curies":[{"name":"wp","href":"https:\/\/api.w.org\/{rel}","templated":true}]}}