
{"id":187,"date":"2008-07-25T07:13:34","date_gmt":"2008-07-25T05:13:34","guid":{"rendered":"http:\/\/szwarcman.blog.polityka.pl\/?p=187"},"modified":"2008-07-25T07:13:34","modified_gmt":"2008-07-25T05:13:34","slug":"a-w-krakowie","status":"publish","type":"post","link":"https:\/\/blog.polityka.pl\/szwarcman\/2008\/07\/25\/a-w-krakowie\/","title":{"rendered":"A w Krakowie&#8230;"},"content":{"rendered":"<p><img loading=\"lazy\" decoding=\"async\" border=\"0\" width=\"450\" src=\"http:\/\/szwarcman.blog.polityka.pl\/wp-content\/uploads\/IMG_1516.jpg\" alt=\"IMG_1516.jpg\" height=\"337\" title=\"IMG_1516.jpg\" \/><\/p>\n<p><em>Konwersujemy<\/em>&#8230;<\/p>\n<p><img loading=\"lazy\" decoding=\"async\" border=\"0\" width=\"450\" src=\"http:\/\/szwarcman.blog.polityka.pl\/wp-content\/uploads\/IMG_1515.jpg\" alt=\"IMG_1515.jpg\" height=\"337\" title=\"IMG_1515.jpg\" \/><\/p>\n<p><em>&#8230;i pozujemy (fot. Tato Bobika)<\/em><\/p>\n<p>A w Krakowie na Brackiej nie pada\u0142 deszcz,<\/p>\n<p>Na Tomasza czy Poselskiej\u00a0nie\u00a0pada\u0142\u00a0te\u017c.<\/p>\n<p>Zl\u0105dowa\u0142am w mie\u015bcie tym,<\/p>\n<p>Po czym posz\u0142am zaraz w &#8222;Dym&#8221;,<\/p>\n<p>Tam, gdzie czeka\u0142 na mnie pewien zwierz.<\/p>\n<p>Najpierw byli\u015bmy z Tat\u0105 i Mam\u0105,<\/p>\n<p>Potem psisko zosta\u0142o ju\u017c samo<\/p>\n<p>I machaj\u0105c wci\u0105\u017c ogonem<\/p>\n<p>Wiod\u0142o mnie do &#8222;Corleone&#8221;,<\/p>\n<p>Kt\u00f3re mafia rozg\u0142osi\u0142a fam\u0105.<\/p>\n<p>Tam pojedli\u015bmy w\u0142oskich pyszno\u015bci<\/p>\n<p>Z konwersacji czerpi\u0105c przyjemno\u015bci.<\/p>\n<p>Potem pies ze mn\u0105 usiad\u0142<\/p>\n<p>Wraz z Kuzynem Tatusia<\/p>\n<p>Mi znajomym\u00a0&#8211; zn\u00f3w w &#8222;Dymu&#8221; wonno\u015bciach.<\/p>\n<p>Czas sp\u0119dzony zosta\u0142\u00a0chyba mi\u0142o,<\/p>\n<p>Bo tak dziwnie szybko si\u0119 sko\u0144czy\u0142o,<\/p>\n<p>Zaraz\u00a0kolej mnie wzywa\u0142a,<\/p>\n<p>Do Warszawy ju\u017c przygna\u0142a,<\/p>\n<p>A ja teraz m\u00f3wi\u0119 Wam:\u00a0no, pysznie by\u0142o!<\/p>\n","protected":false},"excerpt":{"rendered":"<p>Konwersujemy&#8230; &#8230;i pozujemy (fot. Tato Bobika) A w Krakowie na Brackiej nie pada\u0142 deszcz, Na Tomasza czy Poselskiej\u00a0nie\u00a0pada\u0142\u00a0te\u017c. Zl\u0105dowa\u0142am w mie\u015bcie tym, Po czym posz\u0142am zaraz w &#8222;Dym&#8221;, Tam, gdzie czeka\u0142 na mnie pewien zwierz. Najpierw byli\u015bmy z Tat\u0105 i Mam\u0105, Potem psisko zosta\u0142o ju\u017c samo I machaj\u0105c wci\u0105\u017c ogonem Wiod\u0142o mnie do &#8222;Corleone&#8221;, Kt\u00f3re [&hellip;]<\/p>\n","protected":false},"author":3,"featured_media":0,"comment_status":"open","ping_status":"open","sticky":false,"template":"","format":"standard","meta":{"footnotes":""},"categories":[1],"tags":[],"_links":{"self":[{"href":"https:\/\/blog.polityka.pl\/szwarcman\/wp-json\/wp\/v2\/posts\/187"}],"collection":[{"href":"https:\/\/blog.polityka.pl\/szwarcman\/wp-json\/wp\/v2\/posts"}],"about":[{"href":"https:\/\/blog.polityka.pl\/szwarcman\/wp-json\/wp\/v2\/types\/post"}],"author":[{"embeddable":true,"href":"https:\/\/blog.polityka.pl\/szwarcman\/wp-json\/wp\/v2\/users\/3"}],"replies":[{"embeddable":true,"href":"https:\/\/blog.polityka.pl\/szwarcman\/wp-json\/wp\/v2\/comments?post=187"}],"version-history":[{"count":0,"href":"https:\/\/blog.polityka.pl\/szwarcman\/wp-json\/wp\/v2\/posts\/187\/revisions"}],"wp:attachment":[{"href":"https:\/\/blog.polityka.pl\/szwarcman\/wp-json\/wp\/v2\/media?parent=187"}],"wp:term":[{"taxonomy":"category","embeddable":true,"href":"https:\/\/blog.polityka.pl\/szwarcman\/wp-json\/wp\/v2\/categories?post=187"},{"taxonomy":"post_tag","embeddable":true,"href":"https:\/\/blog.polityka.pl\/szwarcman\/wp-json\/wp\/v2\/tags?post=187"}],"curies":[{"name":"wp","href":"https:\/\/api.w.org\/{rel}","templated":true}]}}