
{"id":256,"date":"2008-12-12T17:06:10","date_gmt":"2008-12-12T16:06:10","guid":{"rendered":"http:\/\/szwarcman.blog.polityka.pl\/?p=256"},"modified":"2008-12-12T17:06:10","modified_gmt":"2008-12-12T16:06:10","slug":"lets-dance-chopin","status":"publish","type":"post","link":"https:\/\/blog.polityka.pl\/szwarcman\/2008\/12\/12\/lets-dance-chopin\/","title":{"rendered":"Let&#8217;s Dance Chopin"},"content":{"rendered":"<p>Wczoraj by\u0142a konferencja prasowa nowego dyrektora Narodowego Instytutu Fryderyka Chopina, Andrzeja Su\u0142ka (kt\u00f3ry obejmuj\u0105c to stanowisko nie zrezygnowa\u0142 z szefowania Filharmonii \u0141\u00f3dzkiej, wi\u0119c pracuje na cztery r\u0119ce), z udzia\u0142em ministra Zdrojewskiego. Obaj opowiadali o wielu r\u00f3\u017cnych planach na rok najbli\u017cszy i na Rok Chopinowski 2010. Troch\u0119 ciekawostek tu wrzuc\u0119, kt\u00f3re mog\u0105 nas szczeg\u00f3lnie zainteresowa\u0107.<\/p>\n<p>Festiwal Chopin i jego Europa w przysz\u0142ym roku odb\u0119dzie si\u0119 od 14 do 31 sierpnia &#8211; b\u0119dzie to pi\u0105ta edycja, a wi\u0119c pierwszy jubileusz. Zapowiadaj\u0105 si\u0119 m.in. Martha Argerich, Emanuel Ax, Garrick Ohlsson, Marc Minkowski (z Les Musiciens du Louvre), Orkiestra XVIII Wieku, Andreas Steier! No i Nelson Goerner, z kt\u00f3rym p\u0142yty (<a href=\"http:\/\/pl.chopin.nifc.pl\/institute\/publications\/musics\/id\/699\">ta<\/a> i <a href=\"http:\/\/pl.chopin.nifc.pl\/institute\/publications\/musics\/id\/303\">ta<\/a>) z tzw. czarnej serii &#8211; Chopin na instrumentach z epoki &#8211; otrzyma\u0142y w\u0142a\u015bnie Diapazon d&#8217;Or. Goerner w sierpniu przyjedzie\u00a0drugi raz w tym roku, bo ju\u017c 26 stycznia zagra inauguracyjny koncert z planowanej serii koncert\u00f3w chopinowskich w Teatrze Wielkim, w Salach Redutowych. Pomys\u0142odawca i NIFC-owy szef od koncert\u00f3w, Stanis\u0142aw Leszczy\u0144ski, m\u00f3wi: <em>Moim zdaniem Chopin powinien wci\u0105\u017c by\u0107 obecny w tym miejscu. Przecie\u017c to tu mia\u0142 sw\u00f3j najwa\u017cniejszy, po\u017cegnalny koncert, tu chodzi\u0142 do opery. Marzy mi si\u0119, \u017ceby koncerty chopinowskie by\u0142y tu co tydzie\u0144<\/em>.<\/p>\n<p>Co do Chopina i jego Europy, to w 2010 r. ma trwa\u0107 przez ca\u0142y sierpie\u0144. W tym samym roku ma si\u0119 zamkn\u0105\u0107 te\u017c cykl wszystkich utwor\u00f3w Chopina wydawanych w czarnej serii, co nie znaczy, \u017ce ca\u0142a seria przestanie by\u0107 kontynuowana. A koncerty oficjalnie zaczn\u0105 si\u0119 od dekady mi\u0119dzy 22 lutego i 3 marca, w\u0142\u0105czaj\u0105cej koncert inauguracyjny w Teatrze Wielkim. Oczywi\u015bcie to te\u017c rok kolejnego konkursu pianistycznego: na wiosn\u0119 eliminacje, jesieni\u0105 konkurs w\u0142a\u015bciwy. B\u0119dzie te\u017c akcja &#8222;Chopin w stolicach jego Europy&#8221;, w ramach kt\u00f3rej cykl koncert\u00f3w odb\u0119dzie si\u0119 w miastach, gdzie Chopin koncertowa\u0142: Pradze, Wiedniu, Berlinie, Pary\u017cu, Londynie i Brukseli. Jest te\u017c pomys\u0142 na nowy specjalny utw\u00f3r (prowadzone s\u0105 rozmowy z polskimi kompozytorami),\u00a0 kt\u00f3rego poszczeg\u00f3lne partie maj\u0105 by\u0107 wykonywane w r\u00f3\u017cnych miejscach Europy i transmitowane do Warszawy, a ca\u0142o\u015b\u0107 b\u0119dzie mo\u017cna obejrze\u0107 i pos\u0142ucha\u0107 w mediach i na telebimie na Placu Zamkowym.<\/p>\n<p>Dla turyst\u00f3w &#8211; przewodniki i zdefiniowanie szlak\u00f3w chopinowskich. Dla czytelnik\u00f3w &#8211; Encyklopedia Chopinowska i troch\u0119 ciekawostek: m.in. <em>Pami\u0119tniki <\/em>Fryderyka Skarbka, powie\u015b\u0107 <em>Fryderyk Chopin<\/em> autorstwa wybitnego chopinologa Jean-Jacquesa Eigeldingera, pierwsze polskie t\u0142umaczenie <em>Lucrezii Floriani<\/em>, skandalizuj\u0105cej powie\u015bci George Sand, w kt\u00f3rej opisa\u0142a pono\u0107 sw\u00f3j zwi\u0105zek z Chopinem. A ju\u017c wysz\u0142a ksi\u0105\u017ceczka dla dzieci <em>Ma\u0142y Chopin<\/em> Micha\u0142a Rusinka, kt\u00f3r\u0105 ministerstwo wraz ze Znakiem wydaje w dziesi\u0119ciu j\u0119zykach i rozsy\u0142a do polskich ambasad w \u015bwiecie.<\/p>\n<p>No i rzucono te\u017c intryguj\u0105ce has\u0142o: Let&#8217;s Dance Chopin, czyli popularyzowanie muzyki Chopina w szerszych kr\u0119gach publiczno\u015bci poprzez taniec. Szczeg\u00f3\u0142\u00f3w pomys\u0142u jeszcze nie ujawniono, mowa by\u0142a tylko o odwo\u0142aniu si\u0119 do akcji <a href=\"http:\/\/film.onet.pl\/12034,68018,recenzje.html\">Filharmonii Berli\u0144skiej<\/a>. Ciekawe, czy te ta\u0144ce b\u0119d\u0105 na lodzie&#8230;<\/p>\n","protected":false},"excerpt":{"rendered":"<p>Wczoraj by\u0142a konferencja prasowa nowego dyrektora Narodowego Instytutu Fryderyka Chopina, Andrzeja Su\u0142ka (kt\u00f3ry obejmuj\u0105c to stanowisko nie zrezygnowa\u0142 z szefowania Filharmonii \u0141\u00f3dzkiej, wi\u0119c pracuje na cztery r\u0119ce), z udzia\u0142em ministra Zdrojewskiego. Obaj opowiadali o wielu r\u00f3\u017cnych planach na rok najbli\u017cszy i na Rok Chopinowski 2010. Troch\u0119 ciekawostek tu wrzuc\u0119, kt\u00f3re mog\u0105 nas szczeg\u00f3lnie zainteresowa\u0107. Festiwal [&hellip;]<\/p>\n","protected":false},"author":3,"featured_media":0,"comment_status":"open","ping_status":"open","sticky":false,"template":"","format":"standard","meta":{"footnotes":""},"categories":[1],"tags":[],"_links":{"self":[{"href":"https:\/\/blog.polityka.pl\/szwarcman\/wp-json\/wp\/v2\/posts\/256"}],"collection":[{"href":"https:\/\/blog.polityka.pl\/szwarcman\/wp-json\/wp\/v2\/posts"}],"about":[{"href":"https:\/\/blog.polityka.pl\/szwarcman\/wp-json\/wp\/v2\/types\/post"}],"author":[{"embeddable":true,"href":"https:\/\/blog.polityka.pl\/szwarcman\/wp-json\/wp\/v2\/users\/3"}],"replies":[{"embeddable":true,"href":"https:\/\/blog.polityka.pl\/szwarcman\/wp-json\/wp\/v2\/comments?post=256"}],"version-history":[{"count":0,"href":"https:\/\/blog.polityka.pl\/szwarcman\/wp-json\/wp\/v2\/posts\/256\/revisions"}],"wp:attachment":[{"href":"https:\/\/blog.polityka.pl\/szwarcman\/wp-json\/wp\/v2\/media?parent=256"}],"wp:term":[{"taxonomy":"category","embeddable":true,"href":"https:\/\/blog.polityka.pl\/szwarcman\/wp-json\/wp\/v2\/categories?post=256"},{"taxonomy":"post_tag","embeddable":true,"href":"https:\/\/blog.polityka.pl\/szwarcman\/wp-json\/wp\/v2\/tags?post=256"}],"curies":[{"name":"wp","href":"https:\/\/api.w.org\/{rel}","templated":true}]}}