
{"id":2648,"date":"2012-10-10T22:42:50","date_gmt":"2012-10-10T20:42:50","guid":{"rendered":"http:\/\/szwarcman.blog.polityka.pl\/?p=2648"},"modified":"2012-10-10T23:19:35","modified_gmt":"2012-10-10T21:19:35","slug":"troche-ogloszen-drobnych","status":"publish","type":"post","link":"https:\/\/blog.polityka.pl\/szwarcman\/2012\/10\/10\/troche-ogloszen-drobnych\/","title":{"rendered":"Troch\u0119 og\u0142osze\u0144 drobnych"},"content":{"rendered":"<p>Jesie\u0144, kryzys, ale mimo to du\u017co si\u0119 muzycznie dzieje w ca\u0142ym kraju w bardzo r\u00f3\u017cnych dziedzinach. Np. w Warszawie, jak zwykle o tej porze,\u00a0festiwal improwizacji Ad Libitum, a w aglomeracji \u015bl\u0105skiej inwazja muzyki dawnej: otwarcie &#8222;jedynego w Polsce Fortepianarium&#8221; i koncert Orkiestry Historycznej, niestety tego samego dnia &#8211; 14 pa\u017adziernika.<\/p>\n<p><!--more--><\/p>\n<p>Fortepianarium &#8211; \u0142adna nazwa &#8211; powsta\u0142o z inicjatywy klawesynisty i organisty Marka Toporowskiego\u00a0oraz fortepianistki Katarzyny Drogosz w tzw. Domu Kawalera w Zabrzu. Inna nazwa: \u015al\u0105skie Dziedzictwo Instrument\u00f3w Klawiszowych. Czyli &#8211; ratowanie zachowanych zabytk\u00f3w z klawiatur\u0105. Otwarcie b\u0119dzie po\u0142\u0105czone z koncertem-prezentacj\u0105. Wi\u0119cej o tym <a href=\"http:\/\/www.kopalniasztuki.com\/?p=953\">tutaj<\/a>, a tak\u017ce na <a href=\"http:\/\/www.marektoporowski.blogspot.com\/2012\/10\/fortepianarium.html\">blogu<\/a> Marka Toporowskiego. \u015awietna idea, eksponat\u00f3w na razie ma\u0142o, ale z za\u0142o\u017ceniem powi\u0119kszania kolekcji.<\/p>\n<p>Niestety ta impreza odbywa si\u0119 tego samego dnia, co koncert <a href=\"http:\/\/orkiestrahistoryczna.pl\/\">Orkiestry Historycznej<\/a> w Ko\u015bciele Mariackim w Katowicach. Teoretycznie jakby kto\u015b si\u0119 upar\u0142 i przyjecha\u0142 do Zabrza samochodem na 17., to m\u00f3g\u0142by potem si\u0105\u015b\u0107 za k\u00f3\u0142ko i przejecha\u0107 do Katowic &#8211; ale te\u017c trudno powiedzie\u0107, jak d\u0142ugo to w Zabrzu b\u0119dzie trwa\u0142o, mo\u017ce trzeba by\u0142oby wyj\u015b\u0107 w \u015brodku. Nie dzieje si\u0119 tak wiele w tym regionie w tej dziedzinie, nie wiem, dlaczego nie da\u0142o si\u0119 tego jako\u015b uzgodni\u0107.<\/p>\n<p>Na \u015al\u0105sk powraca te\u017c jazz, a w\u0142a\u015bciwie <a href=\"http:\/\/jazziokolice.com\/\">jaZZ i okolice<\/a>, bo tak nazywa\u0142 si\u0119 kultowy cykl koncert\u00f3w w katowickiej Hipnozie, kt\u00f3ry w\u0142a\u015bnie powr\u00f3ci\u0142 &#8211; koncerty raz w miesi\u0105cu. Kolejnym miejscem jazzowym s\u0105 Gliwice &#8211; bardzo reklamuj\u0105cy si\u0119 ostatnio nawet w tiwi <a href=\"http:\/\/www.palmjazz.pl\/\">Palm Jazz Festival<\/a>. W listopadzie w r\u00f3\u017cnych miejscach kraju b\u0119dzie &#8211; tradycyjnie ju\u017c &#8211; jeszcze wi\u0119cej dobrego jazzu (wroc\u0142awski <a href=\"http:\/\/www.jazztopad.pl\/program\/\">Jazztopad<\/a> czy bielska <a href=\"http:\/\/www.jazzowajesien.pl\/index.php?page=3&amp;id=27\">Jazzowa Jesie\u0144<\/a>). Warszawa ma\u0142o tych smakowito\u015bci li\u017anie. W ramach <a href=\"http:\/\/ad-libitum.pl\/\">Ad Libitum<\/a>, kt\u00f3re w\u0142a\u015bnie si\u0119 rozpocz\u0119\u0142o, jest improwizacja bardziej klasyczno-wsp\u00f3\u0142czesna z wychyleniem did\u017cejskim, je\u015bli tak si\u0119 mo\u017cna wyrazi\u0107 &#8211; troch\u0119 warszawskojesienna\u00a0(np. jutro zagraj\u0105 wsp\u00f3lnie Pierre Jodlowski, Anna Zaradny i Cezary Duchnowski), ale fina\u0142 w stron\u0119 jazzu &#8211; Anthony Braxton Diamont Curtain Wall Quartet.<\/p>\n<p>A z zupe\u0142nie innej beczki, w ko\u0144c\u00f3wce przysz\u0142ego tygodnia ormia\u0144ska <a href=\"http:\/\/www.nostalgiafestival.pl\/index.php\/pl\/artykuly\/73,1,23,idea\">Nostalgia<\/a> w Poznaniu. Cho\u0107 mo\u017ce nie tak do ko\u0144ca z innej beczki, bo &#8211; jak Jazzowa Jesie\u0144 &#8211; w wi\u0119kszo\u015bci ECM-owska&#8230;<\/p>\n<p>PS. No i zbli\u017ca si\u0119 te\u017c 17 pa\u017adzierkika &#8211; rocznica \u015bmierci Chopina. Pora wi\u0119c na <em>Requiem<\/em> Mozarta w warszawskim Ko\u015bciele \u015bw. Krzy\u017ca. Tym razem <a href=\"http:\/\/pl.chopin.nifc.pl\/institute\/concerts\/death_anniversary\">w polskim w wi\u0119kszo\u015bci wykonaniu<\/a>.<\/p>\n","protected":false},"excerpt":{"rendered":"<p>Jesie\u0144, kryzys, ale mimo to du\u017co si\u0119 muzycznie dzieje w ca\u0142ym kraju w bardzo r\u00f3\u017cnych dziedzinach. Np. w Warszawie, jak zwykle o tej porze,\u00a0festiwal improwizacji Ad Libitum, a w aglomeracji \u015bl\u0105skiej inwazja muzyki dawnej: otwarcie &#8222;jedynego w Polsce Fortepianarium&#8221; i koncert Orkiestry Historycznej, niestety tego samego dnia &#8211; 14 pa\u017adziernika.<\/p>\n","protected":false},"author":3,"featured_media":0,"comment_status":"open","ping_status":"open","sticky":false,"template":"","format":"standard","meta":{"footnotes":""},"categories":[1],"tags":[],"_links":{"self":[{"href":"https:\/\/blog.polityka.pl\/szwarcman\/wp-json\/wp\/v2\/posts\/2648"}],"collection":[{"href":"https:\/\/blog.polityka.pl\/szwarcman\/wp-json\/wp\/v2\/posts"}],"about":[{"href":"https:\/\/blog.polityka.pl\/szwarcman\/wp-json\/wp\/v2\/types\/post"}],"author":[{"embeddable":true,"href":"https:\/\/blog.polityka.pl\/szwarcman\/wp-json\/wp\/v2\/users\/3"}],"replies":[{"embeddable":true,"href":"https:\/\/blog.polityka.pl\/szwarcman\/wp-json\/wp\/v2\/comments?post=2648"}],"version-history":[{"count":5,"href":"https:\/\/blog.polityka.pl\/szwarcman\/wp-json\/wp\/v2\/posts\/2648\/revisions"}],"predecessor-version":[{"id":2653,"href":"https:\/\/blog.polityka.pl\/szwarcman\/wp-json\/wp\/v2\/posts\/2648\/revisions\/2653"}],"wp:attachment":[{"href":"https:\/\/blog.polityka.pl\/szwarcman\/wp-json\/wp\/v2\/media?parent=2648"}],"wp:term":[{"taxonomy":"category","embeddable":true,"href":"https:\/\/blog.polityka.pl\/szwarcman\/wp-json\/wp\/v2\/categories?post=2648"},{"taxonomy":"post_tag","embeddable":true,"href":"https:\/\/blog.polityka.pl\/szwarcman\/wp-json\/wp\/v2\/tags?post=2648"}],"curies":[{"name":"wp","href":"https:\/\/api.w.org\/{rel}","templated":true}]}}