
{"id":299,"date":"2009-02-26T23:29:21","date_gmt":"2009-02-26T22:29:21","guid":{"rendered":"http:\/\/szwarcman.blog.polityka.pl\/?p=299"},"modified":"2009-02-26T23:29:21","modified_gmt":"2009-02-26T22:29:21","slug":"sinfonia-varsovia-w-domu","status":"publish","type":"post","link":"https:\/\/blog.polityka.pl\/szwarcman\/2009\/02\/26\/sinfonia-varsovia-w-domu\/","title":{"rendered":"Sinfonia Varsovia w domu?"},"content":{"rendered":"<p>Mam powa\u017cn\u0105 zaleg\u0142o\u015b\u0107 blogow\u0105 &#8211; musz\u0119 opowiedzie\u0107 o najnowszym spektaklu Opery Narodowej, kt\u00f3ry wreszcie zaliczy\u0142am we wtorek (jak\u00a0grali premier\u0119, by\u0142am w Niemczech). Ale najpierw jednak najnowsza aktualno\u015b\u0107.<\/p>\n<p>Dzi\u015b rano by\u0142am \u015bwiadkiem, jak pani prezydent Hanna Gronkiewicz-Waltz zadeklarowa\u0142a, \u017ce rada m. st. Warszawy\u00a0przeznaczy ponad 15 mln z\u0142 na zakup dawnego <a href=\"http:\/\/fotoforum.gazeta.pl\/3,0,544440,2,117.html\">gmachu Weterynarii SGGW<\/a> na Grochowskiej 272 oraz 45 mln z\u0142 na realizacj\u0119 Muzeum Warszawskiej Pragi (termin zako\u0144czenia zadania &#8211; 2011 r.). Po po\u0142udniu nadesz\u0142a wiadomo\u015b\u0107, \u017ce rada to klepn\u0119\u0142a. Pani prezydent t\u0142umaczy\u0142a, \u017ce cho\u0107 dopiero co m\u00f3wi\u0142a o koniecznych oszcz\u0119dno\u015bciach w ratuszu, to te pieni\u0105dze\u00a0na pewno s\u0105 i nie uciekn\u0105, bo pochodz\u0105 z funduszy europejskich.<\/p>\n<p>To jeszcze nie koniec, bo\u00a0miasto musi si\u0119 zwr\u00f3ci\u0107 do ministerstwa finans\u00f3w, \u017ceby ono z kolei klepn\u0119\u0142o t\u0119 kwot\u0119. Miasto bowiem korzysta z prawa pierwokupu &#8211; <a href=\"http:\/\/wshifm.edu.pl\/repository\/files\/WSHiFM_Grochowska_272.pdf\">inne podmioty<\/a> te\u017c si\u0119 na to miejsce zasadza\u0142y, zw\u0142aszcza \u017ce do gmachu jest przynale\u017cny teren 2,6 ha. Miasto i Sinfonia Varsovia my\u015bl\u0105 o wybudowaniu na ty\u0142ach gmachu sali koncertowej, ju\u017c maj\u0105 nazw\u0119 &#8211; jak\u0105? Oczywi\u015bcie Europejskie Centrum Muzyki&#8230; Jak zwa\u0142, tak zwa\u0142, by\u0142oby wspaniale, gdyby sala powsta\u0142a.<\/p>\n<p>Jest wi\u0119c nadzieja, \u017ce r\u00f3wno w \u0107wier\u0107wiecze swojego istnienia jedna z najlepszych polskich orkiestr zako\u0144czy swoj\u0105 epok\u0119 bezdomno\u015bci. Lata \u0107wiczenia najpierw w kinach Kultura i Wiedza, potem przez kilkana\u015bcie lat w auli Technikum Kolejowego &#8211; to mog\u0142a wytrzyma\u0107 tylko orkiestra takiej jako\u015bci, tak zorganizowana. Zapewne Markowi Minkowskiemu b\u0119dzie \u017cal <a href=\"http:\/\/www.technikumkolejowe.com\/galeria\/displayimage.php?album=5&amp;pos=19\">lokomotywy<\/a>, w kt\u00f3rej po prostu si\u0119 zakocha\u0142 jak dzieciak i kaza\u0142 sobie w niej robi\u0107 zdj\u0119cia &#8211; ale co\u015b za co\u015b. No i, jak zauwa\u017ca dyrektor orkiestry Janusz Marynowski, orkiestra z Warszaw\u0105 w nazwie b\u0119dzie mog\u0142a w ko\u0144cu zorganizowa\u0107 sw\u00f3j sezon w swoim mie\u015bcie. Bo jak na razie to &#8222;swojemu miastu&#8221; daje g\u0142\u00f3wnie jeden cykl na prze\u0142omie lata i jesieni, grywa te\u017c na festiwalach &#8211; i praktycznie to wszystko. W zesz\u0142ym roku zagra\u0142a 106 koncert\u00f3w, z czego 19 w Polsce (18 w Warszawie). &#8211; Mamy swoje sezony we Francji, Japonii, Niemczech, a w Warszawie\u00a0dot\u0105d nie &#8211; powiedzia\u0142 Marynowski.<\/p>\n<p>No to trzymamy kciuki. Sinfonia Varsovia chce ju\u017c w tym roku zrobi\u0107 tam scen\u0119 letni\u0105.<\/p>\n","protected":false},"excerpt":{"rendered":"<p>Mam powa\u017cn\u0105 zaleg\u0142o\u015b\u0107 blogow\u0105 &#8211; musz\u0119 opowiedzie\u0107 o najnowszym spektaklu Opery Narodowej, kt\u00f3ry wreszcie zaliczy\u0142am we wtorek (jak\u00a0grali premier\u0119, by\u0142am w Niemczech). Ale najpierw jednak najnowsza aktualno\u015b\u0107. Dzi\u015b rano by\u0142am \u015bwiadkiem, jak pani prezydent Hanna Gronkiewicz-Waltz zadeklarowa\u0142a, \u017ce rada m. st. Warszawy\u00a0przeznaczy ponad 15 mln z\u0142 na zakup dawnego gmachu Weterynarii SGGW na Grochowskiej 272 [&hellip;]<\/p>\n","protected":false},"author":3,"featured_media":0,"comment_status":"open","ping_status":"open","sticky":false,"template":"","format":"standard","meta":{"footnotes":""},"categories":[1],"tags":[],"_links":{"self":[{"href":"https:\/\/blog.polityka.pl\/szwarcman\/wp-json\/wp\/v2\/posts\/299"}],"collection":[{"href":"https:\/\/blog.polityka.pl\/szwarcman\/wp-json\/wp\/v2\/posts"}],"about":[{"href":"https:\/\/blog.polityka.pl\/szwarcman\/wp-json\/wp\/v2\/types\/post"}],"author":[{"embeddable":true,"href":"https:\/\/blog.polityka.pl\/szwarcman\/wp-json\/wp\/v2\/users\/3"}],"replies":[{"embeddable":true,"href":"https:\/\/blog.polityka.pl\/szwarcman\/wp-json\/wp\/v2\/comments?post=299"}],"version-history":[{"count":0,"href":"https:\/\/blog.polityka.pl\/szwarcman\/wp-json\/wp\/v2\/posts\/299\/revisions"}],"wp:attachment":[{"href":"https:\/\/blog.polityka.pl\/szwarcman\/wp-json\/wp\/v2\/media?parent=299"}],"wp:term":[{"taxonomy":"category","embeddable":true,"href":"https:\/\/blog.polityka.pl\/szwarcman\/wp-json\/wp\/v2\/categories?post=299"},{"taxonomy":"post_tag","embeddable":true,"href":"https:\/\/blog.polityka.pl\/szwarcman\/wp-json\/wp\/v2\/tags?post=299"}],"curies":[{"name":"wp","href":"https:\/\/api.w.org\/{rel}","templated":true}]}}