
{"id":3729,"date":"2013-12-01T00:26:53","date_gmt":"2013-11-30T23:26:53","guid":{"rendered":"http:\/\/szwarcman.blog.polityka.pl\/?p=3729"},"modified":"2013-12-01T00:26:53","modified_gmt":"2013-11-30T23:26:53","slug":"mlody-jubileusz-mlodej-orkiestry","status":"publish","type":"post","link":"https:\/\/blog.polityka.pl\/szwarcman\/2013\/12\/01\/mlody-jubileusz-mlodej-orkiestry\/","title":{"rendered":"M\u0142ody jubileusz m\u0142odej orkiestry"},"content":{"rendered":"<p>Sinfonia Iuventus ma pi\u0119\u0107 lat. Jakkolwiek by nie my\u015ble\u0107 o tej idei, jednak jako zesp\u00f3\u0142 zaprezentowa\u0142a si\u0119 dzi\u015b naprawd\u0119 przyzwoicie.<\/p>\n<p><!--more--><\/p>\n<p>Stan\u0119\u0142o przed ni\u0105 kolejno trzech dyrygent\u00f3w. Pierwszy, Jerzy Maksymiuk, poprowadzi\u0142 zgrabn\u0105 fanfar\u0119 w\u0142asnego autorstwa, kt\u00f3r\u0105 skomponowa\u0142 m\u0142odzie\u017cy w prezencie. Potem d\u0142ugie mowy i wr\u0119cze, w tym dla Krzysztofa Pendereckiego, kt\u00f3ry otrzyma\u0142 od orkiestry statuetk\u0119 Dafne (w aluzji do jego mi\u0142o\u015bci do drzew) wyrze\u017abion\u0105 przez Gustawa Zem\u0142\u0119, po czym stan\u0105\u0142 przed zespo\u0142em i zadyrygowa\u0142 <em>Adagio<\/em> na smyczki &#8211; mi\u0142o si\u0119 s\u0142ucha\u0142o tej neoromantycznej, ale nie\u00a0nad\u0119tej muzyki.<\/p>\n<p>Potem batut\u0119 przej\u0105\u0142 dyrektor artystyczny, Tadeusz Wojciechowski. W <em>Koncercie skrzypcowym<\/em> Kar\u0142owicza solist\u0105 by\u0142 Jakub Jakowicz, kt\u00f3ry tym razem jako\u015b nie zrobi\u0142 na mnie najlepszego wra\u017cenia &#8211; wygl\u0105da\u0142o na to, \u017ce czuje si\u0119 w tej muzyce mniej swobodnie ni\u017c w dwudziestowiecznej. To do\u015b\u0107 trudny koncert wbrew pozorom, nawet w odpowiednim wywa\u017ceniu emocji, kt\u00f3re nie powinny by\u0107 zbyt egzaltowane &#8211; mimo m\u0142odopolszczyzny autora. Jest to pogodny, wiosenny, bezpretensjonalny\u00a0utw\u00f3r i takie w\u0142a\u015bnie wra\u017cenie powinno si\u0119 odnosi\u0107. Zdecydowanie wol\u0119 m\u0142odego Jakowicza w Bart\u00f3ku, Szymanowskim, Bacewicz\u00f3wnie czy Lutos\u0142awskim (w Kwartecie im. Lutos\u0142awskiego).<\/p>\n<p>Orkiestra popisa\u0142a si\u0119 na koniec w\u0142a\u015bnie w muzyce Lutos\u0142awskiego &#8211; w <em>Koncercie na orkiestr\u0119<\/em>, kt\u00f3ry jest pono\u0107 jednym z najcz\u0119\u015bciej granych przez ni\u0105 utwor\u00f3w. Po raz kolejny stwierdzi\u0142am, jak trudne jest to dzie\u0142o, ale jednocze\u015bnie, \u017ce m\u0142odzi muzycy bardzo si\u0119 starali i wyszli obronn\u0105 r\u0119k\u0105. Ten utw\u00f3r daje du\u017co adrenaliny, kt\u00f3r\u0105 m\u0142odzie\u017c lubi, wi\u0119c \u0142atwiej jest si\u0119 jej w to wykonawstwo zaanga\u017cowa\u0107.<\/p>\n<p>No, a co dalej? Jest ambitny plan stworzenia w\u0142asnego festiwalu Sinfonii Iuventus &#8211; ma to by\u0107 w czerwcu. Ale na razie rzecz jest na etapie szukania sponsor\u00f3w.<\/p>\n","protected":false},"excerpt":{"rendered":"<p>Sinfonia Iuventus ma pi\u0119\u0107 lat. Jakkolwiek by nie my\u015ble\u0107 o tej idei, jednak jako zesp\u00f3\u0142 zaprezentowa\u0142a si\u0119 dzi\u015b naprawd\u0119 przyzwoicie.<\/p>\n","protected":false},"author":3,"featured_media":0,"comment_status":"open","ping_status":"closed","sticky":false,"template":"","format":"standard","meta":{"footnotes":""},"categories":[1],"tags":[],"_links":{"self":[{"href":"https:\/\/blog.polityka.pl\/szwarcman\/wp-json\/wp\/v2\/posts\/3729"}],"collection":[{"href":"https:\/\/blog.polityka.pl\/szwarcman\/wp-json\/wp\/v2\/posts"}],"about":[{"href":"https:\/\/blog.polityka.pl\/szwarcman\/wp-json\/wp\/v2\/types\/post"}],"author":[{"embeddable":true,"href":"https:\/\/blog.polityka.pl\/szwarcman\/wp-json\/wp\/v2\/users\/3"}],"replies":[{"embeddable":true,"href":"https:\/\/blog.polityka.pl\/szwarcman\/wp-json\/wp\/v2\/comments?post=3729"}],"version-history":[{"count":2,"href":"https:\/\/blog.polityka.pl\/szwarcman\/wp-json\/wp\/v2\/posts\/3729\/revisions"}],"predecessor-version":[{"id":3731,"href":"https:\/\/blog.polityka.pl\/szwarcman\/wp-json\/wp\/v2\/posts\/3729\/revisions\/3731"}],"wp:attachment":[{"href":"https:\/\/blog.polityka.pl\/szwarcman\/wp-json\/wp\/v2\/media?parent=3729"}],"wp:term":[{"taxonomy":"category","embeddable":true,"href":"https:\/\/blog.polityka.pl\/szwarcman\/wp-json\/wp\/v2\/categories?post=3729"},{"taxonomy":"post_tag","embeddable":true,"href":"https:\/\/blog.polityka.pl\/szwarcman\/wp-json\/wp\/v2\/tags?post=3729"}],"curies":[{"name":"wp","href":"https:\/\/api.w.org\/{rel}","templated":true}]}}