
{"id":470,"date":"2010-03-03T22:54:39","date_gmt":"2010-03-03T21:54:39","guid":{"rendered":"http:\/\/szwarcman.blog.polityka.pl\/?p=470"},"modified":"2010-03-03T22:54:39","modified_gmt":"2010-03-03T21:54:39","slug":"jak-toczy-sie-kula","status":"publish","type":"post","link":"https:\/\/blog.polityka.pl\/szwarcman\/2010\/03\/03\/jak-toczy-sie-kula\/","title":{"rendered":"Jak toczy si\u0119 kula?"},"content":{"rendered":"<p>Nie wiem, czy kto\u015b z Was &#8211; mam na my\u015bli g\u0142\u00f3wnie rodzic\u00f3w dzieciom &#8211; ju\u017c dotar\u0142 do <a href=\"http:\/\/kula.gov.pl\/\">tej strony<\/a>, bo pierwsza jej wersja pojawi\u0142a si\u0119 w sieci jeszcze we wrze\u015bniu. Kula &#8211; w tym wypadku to skr\u00f3t od kultury &#8211; koresponduje te\u017c nieco z kolistym kszta\u0142tem mapy Polski, po kt\u00f3rej dzieci\u0119cy odbiorca podr\u00f3\u017cuje, wraz z jednym z rodze\u0144stwa, kt\u00f3re sobie wybierze &#8211; Kulk\u0105 lub Kulkiem (grup\u0105 docelow\u0105 s\u0105 dzieci w wieku 4-7 lat). We wrze\u015bniu m\u00f3g\u0142 odwiedzi\u0107 Warszaw\u0119, Krak\u00f3w, Wroc\u0142aw, Gda\u0144sk, Toru\u0144 i \u017belazow\u0105 Wol\u0119. Teraz, od dzi\u015b, dosz\u0142y kolejne miejsca: Zakopane, Bia\u0142ystok, \u0141\u00f3d\u017a, Katowice i Gniezno, a zamiast \u017belazowej Woli mamy ju\u017c ca\u0142\u0105 \u015bcie\u017ck\u0119 chopinowsk\u0105.<\/p>\n<p>Z ka\u017cdym miastem czy miejscem zwi\u0105zanych jest kilka temat\u00f3w, kt\u00f3re si\u0119 z nim kojarz\u0105. W \u0141odzi s\u0105 to: Fabrykanci i prz\u0105\u015bniczki, Julian Tuwim, Semafor, Film i film\u00f3wka, Muzeum Sztuki MS2. W Katowicach: Gwara \u015bl\u0105ska, Kopalnia, Spodek, Barb\u00f3rka, Kluski \u015bl\u0105skie, Kazimierz Kutz i Akademia Muzyczna (!). W Toruniu oczywi\u015bcie pierniki, Kopernik i&#8230; Centrum Sztuki Wsp\u00f3\u0142czesnej. W Zakopanem mo\u017cna si\u0119 spotka\u0107 z owszarkiem podhala\u0144skim (tak, wcale nie pod Trubaczem!), ale te\u017c pos\u0142ucha\u0107 fragment\u00f3w <em>Harnasi\u00f3w<\/em> Szymanowskiego (muzyka zreszt\u0105 jest jako\u015b za cicho, powinni to poprawi\u0107) i zapozna\u0107 si\u0119 ze stylem zakopia\u0144skim.\u00a0Bia\u0142ystok to teatr lalek, esperanto (Zamenhof urodzi\u0142 si\u0119 tam) i skansen. W Krakowie obok oczywistych symboli jest te\u017c Bunkier Sztuki. Jak wida\u0107, w ka\u017cdym mie\u015bcie tw\u00f3rcy strony prowadz\u0105 dzieci do jakiej\u015b instytucji kulturalnej. W ko\u0144cu inicjatorem i organizatorem jest Ministerstwo Kultury.<\/p>\n<p>Pomys\u0142 jest \u015bwietny i\u00a0wydaje mi si\u0119, \u017ce rzecz zrobiona jest w dobrym gu\u015bcie. Ma te\u017c zak\u0142adki dla rodzic\u00f3w (projekty zabawek, kt\u00f3re mo\u017cna zrobi\u0107 z dzieckiem &#8211; od smoka poprzez kamer\u0119 po fortepian) i dla nauczycieli (materia\u0142y dydaktyczne). Powsta\u0142a i angielska wersja strony, dla polskich rodzic\u00f3w na emigracji, kt\u00f3rzy chc\u0105, \u017ceby ich dziecko mog\u0142o wej\u015b\u0107 w kontakt z polsk\u0105 kultur\u0105, nawet kiedy po polsku nie m\u00f3wi.<\/p>\n<p>Oczywi\u015bcie ta strona b\u0119dzie wci\u0105\u017c si\u0119 rozwija\u0107, b\u0119dzie mo\u017cna dobudowywa\u0107 i uzupe\u0142nia\u0107 kolejne tematy. Ciekawam jednak,\u00a0czy dzieci j\u0105 polubi\u0105 i czy im si\u0119 przyda.\u00a0Sprawd\u017acie!<\/p>\n","protected":false},"excerpt":{"rendered":"<p>Nie wiem, czy kto\u015b z Was &#8211; mam na my\u015bli g\u0142\u00f3wnie rodzic\u00f3w dzieciom &#8211; ju\u017c dotar\u0142 do tej strony, bo pierwsza jej wersja pojawi\u0142a si\u0119 w sieci jeszcze we wrze\u015bniu. Kula &#8211; w tym wypadku to skr\u00f3t od kultury &#8211; koresponduje te\u017c nieco z kolistym kszta\u0142tem mapy Polski, po kt\u00f3rej dzieci\u0119cy odbiorca podr\u00f3\u017cuje, wraz z [&hellip;]<\/p>\n","protected":false},"author":3,"featured_media":0,"comment_status":"open","ping_status":"open","sticky":false,"template":"","format":"standard","meta":{"footnotes":""},"categories":[1],"tags":[],"_links":{"self":[{"href":"https:\/\/blog.polityka.pl\/szwarcman\/wp-json\/wp\/v2\/posts\/470"}],"collection":[{"href":"https:\/\/blog.polityka.pl\/szwarcman\/wp-json\/wp\/v2\/posts"}],"about":[{"href":"https:\/\/blog.polityka.pl\/szwarcman\/wp-json\/wp\/v2\/types\/post"}],"author":[{"embeddable":true,"href":"https:\/\/blog.polityka.pl\/szwarcman\/wp-json\/wp\/v2\/users\/3"}],"replies":[{"embeddable":true,"href":"https:\/\/blog.polityka.pl\/szwarcman\/wp-json\/wp\/v2\/comments?post=470"}],"version-history":[{"count":0,"href":"https:\/\/blog.polityka.pl\/szwarcman\/wp-json\/wp\/v2\/posts\/470\/revisions"}],"wp:attachment":[{"href":"https:\/\/blog.polityka.pl\/szwarcman\/wp-json\/wp\/v2\/media?parent=470"}],"wp:term":[{"taxonomy":"category","embeddable":true,"href":"https:\/\/blog.polityka.pl\/szwarcman\/wp-json\/wp\/v2\/categories?post=470"},{"taxonomy":"post_tag","embeddable":true,"href":"https:\/\/blog.polityka.pl\/szwarcman\/wp-json\/wp\/v2\/tags?post=470"}],"curies":[{"name":"wp","href":"https:\/\/api.w.org\/{rel}","templated":true}]}}