
{"id":9015,"date":"2020-02-10T17:26:22","date_gmt":"2020-02-10T16:26:22","guid":{"rendered":"http:\/\/szwarcman.blog.polityka.pl\/?p=9015"},"modified":"2020-02-11T14:48:36","modified_gmt":"2020-02-11T13:48:36","slug":"nowe-role-beczaly","status":"publish","type":"post","link":"https:\/\/blog.polityka.pl\/szwarcman\/2020\/02\/10\/nowe-role-beczaly\/","title":{"rendered":"Nowe role Becza\u0142y"},"content":{"rendered":"\n<p>Jutro warszawska premiera \u201ewiede\u0144skiej\u201d <em>Halki<\/em>. Z\nPiotrem Becza\u0142\u0105, kt\u00f3ry za\u015bpiewa rol\u0119 Jontka w pierwszych trzech z sze\u015bciu\nspektakli, spotkali\u015bmy si\u0119 dzi\u015b w Operze Narodowej na konferencji prasowej.<\/p>\n\n\n\n<!--more-->\n\n\n\n<p>Przypomnia\u0142, \u017ce o wystawienie <em>Halki<\/em> w Wiedniu stara\u0142 si\u0119 ju\u017c od dawna. Siedem lat temu, gdy ko\u0144czy\u0142 udzia\u0142 w produkcji w Theater an der Wien, dyrektor spyta\u0142 go, kiedy wr\u00f3ci na t\u0119 scen\u0119. Ten odpar\u0142, \u017ce najch\u0119tniej by wr\u00f3ci\u0142, gdyby tu wystawiono polsk\u0105 oper\u0119, na przyk\u0142ad <em>Halk\u0119<\/em>. To by\u0142o z siedem lat temu, a powa\u017cna propozycja ze strony dyrekcji przysz\u0142a dwa lata temu, by <em>Halk\u0119<\/em> wystawi\u0107 akurat (przypadkiem) w Rok Moniuszkowski.<\/p>\n\n\n\n<p>Oczywi\u015bcie pytano go dzi\u015b, czy b\u0119dzie si\u0119 stara\u0142 o wprowadzenie na sceny \u015bwiatowe jeszcze innej polskiej opery. On chcia\u0142by tego samego, je\u015bli chodzi o <em>Straszny dw\u00f3r<\/em>, ale zdaje sobie spraw\u0119, \u017ce jest on mniej uniwersalny. Pono\u0107 by\u0142o ju\u017c jakie\u015b zainteresowanie w Londynie <em>Pari\u0105<\/em>, oczywi\u015bcie ze wzgl\u0119du na temat hinduski. Zobaczymy, czy co\u015b si\u0119 da z tym zrobi\u0107. Pytano go te\u017c o muzyk\u0119 wsp\u00f3\u0142czesn\u0105, ale on nie wykazuje entuzjazmu, przede wszystkim dlatego, \u017ce nie widzi nic specjalnie na jego g\u0142os, jednak og\u00f3lnie chyba nie jest zwolennikiem takiej muzyki. To mog\u0119 zrozumie\u0107, ale je\u015bli wspomnia\u0142 o tym, \u017ce Opera Wiede\u0144ska zam\u00f3wi\u0142a niedawno dzie\u0142o, kt\u00f3re okaza\u0142o si\u0119 katastrof\u0105 \u2013 to je\u015bli m\u00f3wi\u0142 o <em>Orlandzie<\/em> Olgi Neuwirth, to najpewniej nie by\u0142 na tym i nie s\u0142ysza\u0142, bo katastrof\u0105, wbrew temu, co pisali konserwatywni krytycy, na pewno to nie by\u0142o: muzyka jest znakomita, \u015bpiewane by\u0142o dobrze, wystawione interesuj\u0105co, mo\u017ce troch\u0119 tu i \u00f3wdzie by\u0142o za du\u017co ideolo, ale to chyba jedyny mankament. A i frekwencyjnie by\u0142o niezgorzej \u2013 by\u0142am na jednym z p\u00f3\u017aniejszych przedstawie\u0144 i sala by\u0142a pe\u0142na. Gdzie wi\u0119c ta katastrofa? Owszem, bywa takowa na wsp\u00f3\u0142czesnych operach w Warszawie, i to niezale\u017cnie od jako\u015bci wystawianego dzie\u0142a. Wspomnia\u0142 o tym dyrektor Waldemar D\u0105browski, dodaj\u0105c, \u017ce mimo to pisz\u0105 si\u0119 w\u0142a\u015bnie kolejne dwa zam\u00f3wione przez niego dzie\u0142a. Nie zdradzi\u0142, jakie ani czyje. Za to doda\u0142, \u017ce pr\u00f3buje szuka\u0107 jakiej\u015b dobrej koprodukcji do <em>Czarnej maski<\/em> Pendereckiego, kt\u00f3ra okazuje si\u0119 wci\u0105\u017c aktualna.<\/p>\n\n\n\n<p>Becza\u0142a m\u00f3wi\u0142 te\u017c o planach i to by\u0142o rzeczywi\u015bcie ciekawe. W\u0142a\u015bnie sko\u0144czy\u0142 nagrywa\u0107 kolejn\u0105 p\u0142yt\u0119 z ariami werystycznymi, kt\u00f3ra ma ukaza\u0107 si\u0119 w maju. Prosto z Warszawy jedzie \u015bpiewa\u0107 na Balu Wiede\u0144skim z Aid\u0105 Garifullin\u0105. Potem <em>Werther<\/em> w Met i Rudolf w <em>Cyganerii<\/em> w Londynie, jeszcze Lohengrin w Zurychu \u2013 i w sierpniu debiut w roli Radamesa w <em>Aidzie<\/em> na festiwalu w Peralada. T\u0119 rol\u0119 powt\u00f3rzy potem w Met, z Netrebko. W przysz\u0142ym za\u015b roku po raz pierwszy za\u015bpiewa rol\u0119 Manrica w <em>Trubadurze<\/em> w Zurychu, ale najwi\u0119ksze zaskoczenie przyjdzie latem 2022 r. Jeszcze pi\u0119\u0107 lat temu m\u00f3wi\u0142 mi w wywiadzie a propos <em>Lohengrina<\/em>, kt\u00f3rego dopiero mia\u0142 \u015bpiewa\u0107 w Dre\u017anie (a o Bayreuth nie by\u0142o w\u00f3wczas mowy), gdy go spyta\u0142am, czy chcia\u0142by w przysz\u0142o\u015bci wykonywa\u0107 jeszcze jakie\u015b role wagnerowskie: \u201eNie s\u0105dz\u0119, \u017ceby w p\u00f3\u017aniejszych jego utworach by\u0142o co\u015b interesuj\u0105cego dla mojego g\u0142osu\u201d. No, ale zmieni\u0142 zdanie \u2013 ma za\u015bpiewa\u0107 w <em>Parsifalu<\/em> na otwarcie festiwalu w Bayreuth. Zobaczymy, trzymamy kciuki.<\/p>\n\n\n\n<p>PS. Wesz\u0142am w\u0142a\u015bnie na fb Becza\u0142y i przeczyta\u0142am, \u017ce zmar\u0142a Mirella Freni. Bardzo smutno \ud83d\ude41 <\/p>\n","protected":false},"excerpt":{"rendered":"<p>Jutro warszawska premiera \u201ewiede\u0144skiej\u201d Halki. Z Piotrem Becza\u0142\u0105, kt\u00f3ry za\u015bpiewa rol\u0119 Jontka w pierwszych trzech z sze\u015bciu spektakli, spotkali\u015bmy si\u0119 dzi\u015b w Operze Narodowej na konferencji prasowej.<\/p>\n","protected":false},"author":3,"featured_media":0,"comment_status":"open","ping_status":"closed","sticky":false,"template":"","format":"standard","meta":{"footnotes":""},"categories":[1],"tags":[],"_links":{"self":[{"href":"https:\/\/blog.polityka.pl\/szwarcman\/wp-json\/wp\/v2\/posts\/9015"}],"collection":[{"href":"https:\/\/blog.polityka.pl\/szwarcman\/wp-json\/wp\/v2\/posts"}],"about":[{"href":"https:\/\/blog.polityka.pl\/szwarcman\/wp-json\/wp\/v2\/types\/post"}],"author":[{"embeddable":true,"href":"https:\/\/blog.polityka.pl\/szwarcman\/wp-json\/wp\/v2\/users\/3"}],"replies":[{"embeddable":true,"href":"https:\/\/blog.polityka.pl\/szwarcman\/wp-json\/wp\/v2\/comments?post=9015"}],"version-history":[{"count":3,"href":"https:\/\/blog.polityka.pl\/szwarcman\/wp-json\/wp\/v2\/posts\/9015\/revisions"}],"predecessor-version":[{"id":9018,"href":"https:\/\/blog.polityka.pl\/szwarcman\/wp-json\/wp\/v2\/posts\/9015\/revisions\/9018"}],"wp:attachment":[{"href":"https:\/\/blog.polityka.pl\/szwarcman\/wp-json\/wp\/v2\/media?parent=9015"}],"wp:term":[{"taxonomy":"category","embeddable":true,"href":"https:\/\/blog.polityka.pl\/szwarcman\/wp-json\/wp\/v2\/categories?post=9015"},{"taxonomy":"post_tag","embeddable":true,"href":"https:\/\/blog.polityka.pl\/szwarcman\/wp-json\/wp\/v2\/tags?post=9015"}],"curies":[{"name":"wp","href":"https:\/\/api.w.org\/{rel}","templated":true}]}}