
{"id":922,"date":"2011-06-06T02:59:09","date_gmt":"2011-06-06T00:59:09","guid":{"rendered":"http:\/\/szwarcman.blog.polityka.pl\/?p=922"},"modified":"2011-06-06T19:45:49","modified_gmt":"2011-06-06T17:45:49","slug":"pozegnanie","status":"publish","type":"post","link":"https:\/\/blog.polityka.pl\/szwarcman\/2011\/06\/06\/pozegnanie\/","title":{"rendered":"Po\u017cegnanie?"},"content":{"rendered":"<p>Du\u017co si\u0119 dzia\u0142o muzycznego\u00a0w niedziel\u0119 w r\u00f3\u017cnych miejscach kraju. Ale by\u0107 nale\u017ca\u0142o w \u0141odzi, w Pa\u0142acu Herbsta, i mog\u0105 moje s\u0142owa potwierdzi\u0107 <strong>vesper<\/strong>, <strong>\u0142ab\u0105dek<\/strong>, <strong>aga<\/strong>,<strong> 60jerzy<\/strong>, <strong>mic<\/strong>. I inne osoby, kt\u00f3re tam by\u0142y.<\/p>\n<p>Piotr Anderszewski wci\u0105\u017c powtarza, \u017ce przestaje gra\u0107 i \u017ce potrwa to by\u0107 mo\u017ce p\u00f3\u0142tora roku, a by\u0107 mo\u017ce d\u0142u\u017cej, mo\u017ce nawet w og\u00f3le na sta\u0142e przestanie? Nie wierz\u0119 (i nie chc\u0119 wierzy\u0107) z wielu powod\u00f3w, tak\u017ce dlatego, \u017ce gdy gra\u0142 Bachowski program, wida\u0107 by\u0142o go\u0142ym okiem, \u017ce mu to sprawia ogromn\u0105 frajd\u0119. Zreszt\u0105 w jego grze nie ma cienia rutyny. Ile\u017c razy s\u0142ysza\u0142am w jego wykonaniu <em>Suit\u0119 angielsk\u0105 d-moll<\/em> &#8211; za ka\u017cdym razem inaczej. A to, co zrobi\u0142 tego wieczoru, to by\u0142 po prostu hardkor &#8211; w gigue&#8217;u\u00a0wr\u0119cz jazda po bandzie bez trzymanki. To by\u0142 ostatni punkt programu i brzmia\u0142, jakby \u015bwiat mia\u0142 si\u0119 za chwil\u0119 sko\u0144czy\u0107.<\/p>\n<p>Poza t\u0105 suit\u0105 (kiedy\u015b, wiele lat temu, bisowa\u0142 j\u0105 na koncercie w S-1 w ca\u0142o\u015bci, potem posz\u0142am mu powiedzie\u0107, \u017ce dzi\u0119kuj\u0119 szczeg\u00f3lnie, bo to moja ulubiona z <em>Suit angielskich<\/em> &#8211; powiedzia\u0142, \u017ce jego te\u017c)\u00a0wcze\u015bniej wykona\u0142 <em>Suit\u0119 angielsk\u0105 e-moll<\/em> (gra\u0142 j\u0105 na chopinowskim koncercie urodzinowym, ale ca\u0142kiem inaczej) i <em>Suit\u0119 francusk\u0105 G-dur<\/em>, te\u017c jedn\u0105 z ulubionych. Ale na bisy zupe\u0142nie skr\u0119ci\u0142 i nieoczekiwanie zagra\u0142 cztery fragmenty z <em>Waldszenen<\/em> Schumanna (w tym <em>Ptaka prorokiem<\/em>). Kontrast absolutny &#8211; \u0142agodno\u015b\u0107, poetycko\u015b\u0107. Nie grywa\u0142 tego na koncertach w Polsce, par\u0119 razy za granic\u0105. I to te\u017c zastanawia: skoro bierze nowe utwory&#8230;<\/p>\n<p>No, ale przestaje gra\u0107 i ma r\u00f3\u017cne dziwne pomys\u0142y na najbli\u017cszy czas. Co si\u0119 zrealizuje, co nie, i kiedy zn\u00f3w go\u00a0przy fortepianie\u00a0zobaczymy &#8211; trudno przewidzie\u0107. Na razie jest ju\u017c namawiany, \u017ceby za rok zrobi\u0142 zn\u00f3w w \u0141odzi festiwalik, tym razem w wersji\u00a0Przyjaciele Anderszewskiego, i przyjecha\u0142 wy\u0142\u0105cznie jako publiczno\u015b\u0107. Miejmy nadziej\u0119, \u017ce w postanowieniu niegrania jednak dlugo nie wytrzyma.<\/p>\n","protected":false},"excerpt":{"rendered":"<p>Du\u017co si\u0119 dzia\u0142o muzycznego\u00a0w niedziel\u0119 w r\u00f3\u017cnych miejscach kraju. Ale by\u0107 nale\u017ca\u0142o w \u0141odzi, w Pa\u0142acu Herbsta, i mog\u0105 moje s\u0142owa potwierdzi\u0107 vesper, \u0142ab\u0105dek, aga, 60jerzy, mic. I inne osoby, kt\u00f3re tam by\u0142y. Piotr Anderszewski wci\u0105\u017c powtarza, \u017ce przestaje gra\u0107 i \u017ce potrwa to by\u0107 mo\u017ce p\u00f3\u0142tora roku, a by\u0107 mo\u017ce d\u0142u\u017cej, mo\u017ce nawet w [&hellip;]<\/p>\n","protected":false},"author":3,"featured_media":0,"comment_status":"open","ping_status":"open","sticky":false,"template":"","format":"standard","meta":{"footnotes":""},"categories":[1],"tags":[],"_links":{"self":[{"href":"https:\/\/blog.polityka.pl\/szwarcman\/wp-json\/wp\/v2\/posts\/922"}],"collection":[{"href":"https:\/\/blog.polityka.pl\/szwarcman\/wp-json\/wp\/v2\/posts"}],"about":[{"href":"https:\/\/blog.polityka.pl\/szwarcman\/wp-json\/wp\/v2\/types\/post"}],"author":[{"embeddable":true,"href":"https:\/\/blog.polityka.pl\/szwarcman\/wp-json\/wp\/v2\/users\/3"}],"replies":[{"embeddable":true,"href":"https:\/\/blog.polityka.pl\/szwarcman\/wp-json\/wp\/v2\/comments?post=922"}],"version-history":[{"count":6,"href":"https:\/\/blog.polityka.pl\/szwarcman\/wp-json\/wp\/v2\/posts\/922\/revisions"}],"predecessor-version":[{"id":930,"href":"https:\/\/blog.polityka.pl\/szwarcman\/wp-json\/wp\/v2\/posts\/922\/revisions\/930"}],"wp:attachment":[{"href":"https:\/\/blog.polityka.pl\/szwarcman\/wp-json\/wp\/v2\/media?parent=922"}],"wp:term":[{"taxonomy":"category","embeddable":true,"href":"https:\/\/blog.polityka.pl\/szwarcman\/wp-json\/wp\/v2\/categories?post=922"},{"taxonomy":"post_tag","embeddable":true,"href":"https:\/\/blog.polityka.pl\/szwarcman\/wp-json\/wp\/v2\/tags?post=922"}],"curies":[{"name":"wp","href":"https:\/\/api.w.org\/{rel}","templated":true}]}}